{"id":20666,"date":"2025-09-23T04:35:44","date_gmt":"2025-09-23T08:35:44","guid":{"rendered":"https:\/\/agromt.news\/?p=20666"},"modified":"2025-09-23T04:35:44","modified_gmt":"2025-09-23T08:35:44","slug":"brasil-mantem-superavit-apesar-da-guerra-tarifaria","status":"publish","type":"post","link":"https:\/\/agromt.news\/?p=20666","title":{"rendered":"Brasil mant\u00e9m super\u00e1vit apesar da guerra tarif\u00e1ria"},"content":{"rendered":"<p> <br \/>\n<\/p>\n<div>\n<div class=\"row\">\n<div class=\"col-lg col-infos mt-0 mt-lg-0\">\n<div class=\"section-sub-title\">\n<p itemprop=\"description\">&#13;<br \/>\n                                \u201cO super\u00e1vit comercial de 2025 mostra a for\u00e7a do agroneg\u00f3cio&#8221;&#13;\n                            <\/p>\n<\/p><\/div>\n<div class=\"container\">\n<div class=\"row\">\n<div class=\"col-lg p-0\">\n<div>\n<div class=\"block-news-main-infos mt-3 text-start\">\n<p>                                            <strong class=\"fn\" itemprop=\"author\" style=\"color: rgb(112, 112, 112); \">&#13;<br \/>\n                                                <a href=\"https:\/\/www.agrolink.com.br\/noticias\/javascript:;\" class=\"text-uppercase\" target=\"_blank\" style=\"color: rgb(112, 112, 112); \" rel=\"noopener\">Agrolink<\/a>&#13;<br \/>\n&#13;<br \/>\n                                                    &#8211; Leonardo Gottems&#13;<br \/>\n&#13;<br \/>\n                                            <\/strong><br \/>\n                                        <\/p>\n<p>                                            <abbr><time datetime=\"2025 - 09 - 22T17:41\" itemprop=\"datePublished dateModified\"> Publicado em 22\/09\/2025 \u00e0s 17:41h.<\/time><\/abbr>\n                                    <\/div>\n<\/p><\/div>\n<\/p><\/div>\n<div class=\"col-lg p-0 text-lg-end\">\n<div>\n<div id=\"mdEnviarPagina\" class=\"modal fade\" role=\"dialog\">\n<div class=\"modal-dialog\">\n<div class=\"modal-content\">\n<div class=\"modal-body\">\n<p><strong>Estimado usu\u00e1rio.<\/strong><br \/>Preencha o formul\u00e1rio abaixo para remeter a p\u00e1gina.<\/p>\n<\/p><\/div>\n<\/p><\/div>\n<\/p><\/div>\n<\/div><\/div>\n<\/p><\/div>\n<\/p><\/div>\n<\/p><\/div>\n<\/p><\/div>\n<\/p><\/div>\n<div class=\"row justify-content-md-center mt-3\">\n<div class=\"col-lg-auto col-image block-news-main-image\">\n<p>                                <img decoding=\"async\" src=\"https:\/\/www.agrolink.com.br\/upload\/imagens-resizes\/9e3c72699fdd44248ab9776e41745856_858x483.jpg\" class=\"lazyload img-fluid\" alt=\"\u201cO super\u00e1vit comercial de 2025 mostra a for\u00e7a do agroneg\u00f3cio&quot;\"\/><br \/>\n                                                <span class=\"d-block mt-1\">\u201cO super\u00e1vit comercial de 2025 mostra a for\u00e7a do agroneg\u00f3cio&#8221; &#8211; Foto: Pixabay<\/span><\/p><\/div>\n<\/p><\/div>\n<div class=\"section-description section-description-noticias mt-3\">\n<p>O Brasil registrou super\u00e1vit comercial no acumulado de 2025, mesmo em meio \u00e0 intensifica\u00e7\u00e3o da guerra tarif\u00e1ria entre Estados Unidos e China, segundo dados do Minist\u00e9rio do Desenvolvimento, Ind\u00fastria, Com\u00e9rcio e Servi\u00e7os (MDIC). No primeiro semestre, o saldo positivo foi impulsionado pelo agroneg\u00f3cio e pela ind\u00fastria, em um cen\u00e1rio no qual as tarifas entre as duas maiores economias do mundo j\u00e1 ultrapassam 100% em alguns setores.&#13;\n<\/p>\n<p>Entre os mecanismos que preservam margens de competitividade, o destaque \u00e9 o regime de Drawback, capaz de reduzir em at\u00e9 18% o custo final de mercadorias exportadas, de acordo com o MDIC. Em 2023, esse instrumento respondeu por US$ 75,3 bilh\u00f5es em vendas externas, cerca de 25% do total exportado pelo pa\u00eds. A combina\u00e7\u00e3o de diversifica\u00e7\u00e3o geogr\u00e1fica das exporta\u00e7\u00f5es e utiliza\u00e7\u00e3o de regimes especiais tem sustentado o desempenho brasileiro, com adapta\u00e7\u00e3o de portf\u00f3lio, efici\u00eancia tribut\u00e1ria e log\u00edstica como diferenciais.<\/p>\n<p>Os principais destinos alternativos \u00e0s vendas para EUA e China t\u00eam sido a Uni\u00e3o Europeia e o Sudeste Asi\u00e1tico. Pa\u00edses como Vietn\u00e3, Indon\u00e9sia e \u00cdndia ampliaram a demanda por alimentos, qu\u00edmicos e manufaturados, enquanto a Europa tem absorvido produtos de maior valor agregado, como autope\u00e7as e bebidas. Apesar desse avan\u00e7o, o ambiente segue desafiador, j\u00e1 que novas medidas protecionistas norte-americanas elevaram tarifas sobre a\u00e7o, carnes e suco de laranja, exigindo readequa\u00e7\u00f5es de contratos e estrat\u00e9gias comerciais.&#13;\n<\/p>\n<p>\u201cO super\u00e1vit comercial de 2025 mostra a for\u00e7a do agroneg\u00f3cio e da ind\u00fastria brasileira, mas tamb\u00e9m escancara os riscos de depender de poucos mercados. A guerra tarif\u00e1ria entre EUA e China refor\u00e7a que diversifica\u00e7\u00e3o n\u00e3o \u00e9 op\u00e7\u00e3o, \u00e9 necessidade. Regimes como o Drawback, aliados \u00e0 digitaliza\u00e7\u00e3o e \u00e0 gest\u00e3o cambial, s\u00e3o ferramentas decisivas para manter a competitividade. As empresas que estruturarem suas opera\u00e7\u00f5es com governan\u00e7a e vis\u00e3o estrat\u00e9gica conseguir\u00e3o n\u00e3o apenas atravessar este cen\u00e1rio, mas conquistar espa\u00e7o nas rotas globais\u201d, afirma Thiago Oliveira, CEO da Saygo.<br \/>&#13;<br \/>\n\u00a0<\/p>\n<\/p><\/div>\n<\/p><\/div>\n<p><script data-cfasync=\"false\">\n    !function (f, b, e, v, n, t, s) {\n        if (f.fbq) return; n = f.fbq = function () {\n            n.callMethod ?\n                n.callMethod.apply(n, arguments) : n.queue.push(arguments)\n        };\n        if (!f._fbq) f._fbq = n; n.push = n; n.loaded = !0; n.version = '2.0';\n        n.queue = []; t = b.createElement(e); t.async = !0;\n        t.src = v; s = b.getElementsByTagName(e)[0];\n        s.parentNode.insertBefore(t, s)\n    }(window, document, 'script',\n        'https:\/\/connect.facebook.net\/en_US\/fbevents.js');\n    fbq('init', '522546078623747');\n    fbq('track', 'PageView');\n<\/script><br \/>\n<br \/><br \/>\n<br \/><a href=\"https:\/\/www.agrolink.com.br\/noticias\/brasil-mantem-superavit-apesar-da-guerra-tarifaria_506213.html\">Source link <\/a><\/p>\n","protected":false},"excerpt":{"rendered":"<p>&#13; \u201cO super\u00e1vit comercial de 2025 mostra a for\u00e7a do agroneg\u00f3cio&#8221;&#13; &#13; Agrolink&#13; &#13; &#8211; Leonardo Gottems&#13; &#13; Publicado em<\/p>\n","protected":false},"author":1,"featured_media":1082,"comment_status":"open","ping_status":"open","sticky":false,"template":"","format":"standard","meta":{"_monsterinsights_skip_tracking":false,"_monsterinsights_sitenote_active":false,"_monsterinsights_sitenote_note":"","_monsterinsights_sitenote_category":0,"_uf_show_specific_survey":0,"_uf_disable_surveys":false,"footnotes":""},"categories":[8,1,14],"tags":[],"class_list":["post-20666","post","type-post","status-publish","format-standard","has-post-thumbnail","hentry","category-agro","category-news","category-politica-agro"],"_links":{"self":[{"href":"https:\/\/agromt.news\/index.php?rest_route=\/wp\/v2\/posts\/20666"}],"collection":[{"href":"https:\/\/agromt.news\/index.php?rest_route=\/wp\/v2\/posts"}],"about":[{"href":"https:\/\/agromt.news\/index.php?rest_route=\/wp\/v2\/types\/post"}],"author":[{"embeddable":true,"href":"https:\/\/agromt.news\/index.php?rest_route=\/wp\/v2\/users\/1"}],"replies":[{"embeddable":true,"href":"https:\/\/agromt.news\/index.php?rest_route=%2Fwp%2Fv2%2Fcomments&post=20666"}],"version-history":[{"count":0,"href":"https:\/\/agromt.news\/index.php?rest_route=\/wp\/v2\/posts\/20666\/revisions"}],"wp:featuredmedia":[{"embeddable":true,"href":"https:\/\/agromt.news\/index.php?rest_route=\/wp\/v2\/media\/1082"}],"wp:attachment":[{"href":"https:\/\/agromt.news\/index.php?rest_route=%2Fwp%2Fv2%2Fmedia&parent=20666"}],"wp:term":[{"taxonomy":"category","embeddable":true,"href":"https:\/\/agromt.news\/index.php?rest_route=%2Fwp%2Fv2%2Fcategories&post=20666"},{"taxonomy":"post_tag","embeddable":true,"href":"https:\/\/agromt.news\/index.php?rest_route=%2Fwp%2Fv2%2Ftags&post=20666"}],"curies":[{"name":"wp","href":"https:\/\/api.w.org\/{rel}","templated":true}]}}