{"id":20643,"date":"2025-09-22T18:24:53","date_gmt":"2025-09-22T22:24:53","guid":{"rendered":"https:\/\/agromt.news\/?p=20643"},"modified":"2025-09-22T18:24:53","modified_gmt":"2025-09-22T22:24:53","slug":"frente-fria-chuva-de-100-mm-e-muita-ventania-atingirao-o-pais-nesta-semana","status":"publish","type":"post","link":"https:\/\/agromt.news\/?p=20643","title":{"rendered":"Frente fria, chuva de 100 mm e muita ventania atingir\u00e3o o pa\u00eds nesta semana"},"content":{"rendered":"<p> <br \/>\n<br \/><img decoding=\"async\" src=\"https:\/\/agromt.news\/wp-content\/uploads\/2024\/10\/Previsao-aponta-temporais-e-ventos-de-70-kmh-no-Nordeste.jpg\" \/><\/p>\n<div>\n<p>O Instituto Nacional de Meteorologia (Inmet) divulgou relat\u00f3rio meteorol\u00f3gico com a previs\u00e3o de chuva e temperaturas entre esta segunda (22) e a pr\u00f3xima (29) para todo o pa\u00eds. Confira:  <\/p>\n<div data-icp-cta=\"1\" id=\"icp-cta-unique\">Voc\u00ea quer entender como usar o clima a seu favor?<b> <\/b><a href=\"https:\/\/climacampo.canalrural.com.br\/climacampo_-01\">Preparamos um e-book exclusivo<\/a> para ajudar produtores rurais a se antecipar \u00e0s mudan\u00e7as do tempo e planejar melhor suas a\u00e7\u00f5es. Com base em previs\u00f5es meteorol\u00f3gicas confi\u00e1veis, ele oferece orienta\u00e7\u00f5es pr\u00e1ticas para proteger sua lavoura e otimizar seus resultados.<\/div>\n<h2 class=\"wp-block-heading\" id=\"h-sul\">Sul<\/h2>\n<p>No in\u00edcio dessa semana, a passagem de uma frente fria pela Regi\u00e3o Sul favorece a ocorr\u00eancia de tempestade no centro e norte do <strong><a href=\"https:\/\/www.canalrural.com.br\/nacional\/parana\/\">Paran\u00e1<\/a><\/strong>, com previs\u00e3o de ventos intensos e queda de granizo. Contudo, ao longo da semana, a previs\u00e3o indica diminui\u00e7\u00e3o da chuva em grande parte dos tr\u00eas estados, com possibilidade de precipita\u00e7\u00f5es apenas nos litorais catarinense e paranaense. Entretanto, ao longo do fim de semana, a chuva deve voltar a ganhar intensidade no <strong><a href=\"https:\/\/www.canalrural.com.br\/nacional\/rio-grande-do-sul\/\">Rio Grande do Sul<\/a><\/strong> e em Santa Catarina.<\/p>\n<h2 class=\"wp-block-heading\" id=\"h-sudeste\">Sudeste<\/h2>\n<p>O avan\u00e7o de um sistema frontal deve provocar aumento das chuvas no decorrer da semana. Os maiores volumes devem se concentrar entre S\u00e3o Paulo, Rio de Janeiro, Esp\u00edrito Santo e sul de Minas Gerais, com acumulados de at\u00e9 <strong>40 mm<\/strong>. De acordo com o Inmet, nessas \u00e1reas existe a possibilidade de tempestades, com rajadas de vento e queda de granizo em \u00e1reas localizadas, principalmente at\u00e9 quarta-feira (24). Nas demais \u00e1reas da Regi\u00e3o, tem possibilidade apenas de chuvas localizadas ao longo da semana. Com o avan\u00e7o da chuva sobre o Sudeste, a umidade do ar deve aumentar em grande parte da Regi\u00e3o.<\/p>\n<h2 class=\"wp-block-heading\" id=\"h-centro-oeste\">Centro-Oeste<\/h2>\n<p>Assim como no Sudeste, o avan\u00e7o de um sistema frontal deve favorecer a ocorr\u00eancia de tempestades em parte de Mato Grosso do Sul, Mato Grosso, Goi\u00e1s e Distrito Federal, especialmente entre hoje (22) e quarta-feira. O volume previsto deve variar entre 10 mm e 20 mm e n\u00e3o se descartam chuvas fortes, rajadas de vento, raios e queda de granizo em pontos localizados. No entanto, a partir de quinta-feira (25), as condi\u00e7\u00f5es para ocorr\u00eancia de chuva devem diminuir em grande parte do Centro-Oeste, apenas com possibilidade de chuvas isoladas. Com o avan\u00e7o de \u00e1reas de instabilidade, a umidade do ar deve aumentar sobre a Regi\u00e3o ao longo da semana.<\/p>\n<h2 class=\"wp-block-heading\" id=\"h-nordeste\">Nordeste<\/h2>\n<p>Ao longo da semana, o tempo deve permanecer seco e sem chuva em grande parte do interior do Nordeste, com destaque para a <strong><a href=\"https:\/\/www.canalrural.com.br\/nacional\/bahia\/\">Bahia<\/a><\/strong>, Piau\u00ed, regi\u00e3o central do Cear\u00e1 e oeste da Para\u00edba e Rio Grande do Norte. Nessas \u00e1reas, a umidade do ar pode ficar abaixo de 25%. Segundo o Inmet, at\u00e9 quarta-feira, \u00e1reas de instabilidade devem provocar chuvas isoladas sobre o sul e oeste baiano, sul do Maranh\u00e3o e Piau\u00ed. A partir de quinta, as precipita\u00e7\u00f5es devem ganhar for\u00e7a entre o litoral da Bahia e Sergipe.<\/p>\n<h2 class=\"wp-block-heading\" id=\"h-norte\">Norte<\/h2>\n<p>A combina\u00e7\u00e3o de alta umidade, calor e circula\u00e7\u00e3o dos ventos favorece \u00e1reas de instabilidade e forma\u00e7\u00e3o de nuvens carregadas na Regi\u00e3o Norte. Os maiores volumes de chuva s\u00e3o esperados entre o Amazonas e Rond\u00f4nia, onde os acumulados podem ultrapassar os <strong>100 mm<\/strong>, especialmente em \u00e1reas do oeste do Amazonas. J\u00e1 no Tocantins, sul do Par\u00e1, Acre e Roraima o volume m\u00e9dio de chuva n\u00e3o deve ultrapassar 20 mm. Entre o norte do Par\u00e1 e Amap\u00e1, a previs\u00e3o \u00e9 de tempo seco na maioria das \u00e1reas, com possibilidade apenas de chuvas isoladas.<\/p>\n<h2 class=\"wp-block-heading\" id=\"h-temperaturas-maximas-e-minimas\">Temperaturas m\u00e1ximas e m\u00ednimas<\/h2>\n<h3 class=\"wp-block-heading\" id=\"h-sul-0\">Sul<\/h3>\n<p>As temperaturas m\u00e1ximas sofrem decl\u00ednio devido a incurs\u00e3o de uma frente fria logo no in\u00edcio desta semana, onde as m\u00e1ximas n\u00e3o ultrapassam os 15\u00b0C at\u00e9 quarta-feira, seguido de sutil eleva\u00e7\u00e3o at\u00e9 o s\u00e1bado (27). As temperaturas m\u00ednimas tamb\u00e9m sofrem decl\u00ednio, previstas entre <strong>2\u00b0C e 8\u00b0C<\/strong>, especialmente em \u00e1reas serranas dos tr\u00eas estados da regi\u00e3o. Por isso, h\u00e1 possibilidade de forma\u00e7\u00e3o de geada para esta semana, especialmente entre os dias 23 e 25, sendo mais intensa nas regi\u00f5es serranas.<\/p>\n<h3 class=\"wp-block-heading\" id=\"h-sudeste-0\">Sudeste<\/h3>\n<p>As temperaturas m\u00e1ximas entram em decl\u00ednio a partir de ter\u00e7a devido \u00e0 incurs\u00e3o de uma <strong>massa de ar mais frio<\/strong>, e somente o norte de Minas Gerais se mant\u00eam com temperaturas elevadas, em torno dos <strong>30\u00b0C<\/strong>. Ao longo da semana as temperaturas m\u00e1ximas n\u00e3o ultrapassam os 18\u00b0C, ficando em torno dos <strong>14\u00b0C<\/strong> em \u00e1reas de S\u00e3o Paulo, Rio de Janeiro, sul de Minas Gerais e sul do Esp\u00edrito Santo a partir do dia 24. Nas demais \u00e1reas do Sudeste, as m\u00e1ximas podem variar de 15\u00b0C a 20\u00b0C e as m\u00ednimas entre 5\u00b0C e 16\u00b0C.<\/p>\n<h3 class=\"wp-block-heading\" id=\"h-centro-oeste-0\">Centro-Oeste<\/h3>\n<p>O Inmet enxerga indicativos de temperaturas m\u00e1ximas acima de 30\u00b0C em toda a Regi\u00e3o. Os valores mais expressivos s\u00e3o previstos para grande parte de Mato Grosso do Sul e regi\u00e3o sul de Mato Grosso, podendo ultrapassar os <strong>40\u00b0C <\/strong>ao longo da semana.<\/p>\n<h3 class=\"wp-block-heading\" id=\"h-nordeste-0\">Nordeste<\/h3>\n<p>As temperaturas permanecem elevadas no interior da regi\u00e3o, com m\u00e1ximas que devem superar os <strong>37\u00b0C<\/strong>, principalmente em \u00e1reas do Maranh\u00e3o, Piau\u00ed e interior da Bahia. No litoral leste da regi\u00e3o, as m\u00e1ximas devem variar entre 24\u00b0C e 34\u00b0C.<\/p>\n<h3 class=\"wp-block-heading\" id=\"h-norte-0\">Norte<\/h3>\n<p>As temperaturas mais elevadas s\u00e3o previstas para os estados do Tocantins, Par\u00e1 e Amap\u00e1, com m\u00e1ximas entre <strong>38\u00b0C e 40\u00b0C<\/strong>. Conforme o Inmet, nas demais \u00e1reas, as temperaturas m\u00e1ximas devem variar entre 26\u00b0C e 36\u00b0C.<\/p>\n<\/p><\/div>\n<p><br \/>\n<br \/><a href=\"https:\/\/www.canalrural.com.br\/tempo\/frente-fria-chuva-de-100-mm-e-muita-ventania-atingirao-o-pais-nesta-semana\/\">Source link <\/a><\/p>\n","protected":false},"excerpt":{"rendered":"<p>O Instituto Nacional de Meteorologia (Inmet) divulgou relat\u00f3rio meteorol\u00f3gico com a previs\u00e3o de chuva e temperaturas entre esta segunda (22)<\/p>\n","protected":false},"author":1,"featured_media":3164,"comment_status":"open","ping_status":"open","sticky":false,"template":"","format":"standard","meta":{"_monsterinsights_skip_tracking":false,"_monsterinsights_sitenote_active":false,"_monsterinsights_sitenote_note":"","_monsterinsights_sitenote_category":0,"_uf_show_specific_survey":0,"_uf_disable_surveys":false,"footnotes":""},"categories":[1],"tags":[],"class_list":["post-20643","post","type-post","status-publish","format-standard","has-post-thumbnail","hentry","category-news"],"_links":{"self":[{"href":"https:\/\/agromt.news\/index.php?rest_route=\/wp\/v2\/posts\/20643"}],"collection":[{"href":"https:\/\/agromt.news\/index.php?rest_route=\/wp\/v2\/posts"}],"about":[{"href":"https:\/\/agromt.news\/index.php?rest_route=\/wp\/v2\/types\/post"}],"author":[{"embeddable":true,"href":"https:\/\/agromt.news\/index.php?rest_route=\/wp\/v2\/users\/1"}],"replies":[{"embeddable":true,"href":"https:\/\/agromt.news\/index.php?rest_route=%2Fwp%2Fv2%2Fcomments&post=20643"}],"version-history":[{"count":0,"href":"https:\/\/agromt.news\/index.php?rest_route=\/wp\/v2\/posts\/20643\/revisions"}],"wp:featuredmedia":[{"embeddable":true,"href":"https:\/\/agromt.news\/index.php?rest_route=\/wp\/v2\/media\/3164"}],"wp:attachment":[{"href":"https:\/\/agromt.news\/index.php?rest_route=%2Fwp%2Fv2%2Fmedia&parent=20643"}],"wp:term":[{"taxonomy":"category","embeddable":true,"href":"https:\/\/agromt.news\/index.php?rest_route=%2Fwp%2Fv2%2Fcategories&post=20643"},{"taxonomy":"post_tag","embeddable":true,"href":"https:\/\/agromt.news\/index.php?rest_route=%2Fwp%2Fv2%2Ftags&post=20643"}],"curies":[{"name":"wp","href":"https:\/\/api.w.org\/{rel}","templated":true}]}}