{"id":20642,"date":"2025-09-22T17:41:12","date_gmt":"2025-09-22T21:41:12","guid":{"rendered":"https:\/\/agromt.news\/?p=20642"},"modified":"2025-09-22T17:41:12","modified_gmt":"2025-09-22T21:41:12","slug":"orgaos-do-brics-acompanham-decisao-do-cade-sobre-moratoria-da-soja","status":"publish","type":"post","link":"https:\/\/agromt.news\/?p=20642","title":{"rendered":"\u00d3rg\u00e3os do Brics acompanham decis\u00e3o do Cade sobre Morat\u00f3ria da Soja"},"content":{"rendered":"<p> <br \/>\n<br \/><img decoding=\"async\" src=\"https:\/\/agromt.news\/wp-content\/uploads\/2025\/06\/Moratoria-da-Soja-trava-bilhoes-no-campo-STF-suspende-julgamento.jpg\" \/><\/p>\n<div>\n<p>Os \u00f3rg\u00e3os antitrustes dos pa\u00edses do Brics est\u00e3o acompanhando de perto a decis\u00e3o do Tribunal do Conselho Administrativo de Defesa Econ\u00f4mica (Cade) sobre o futuro da Morat\u00f3ria da Soja, <a href=\"https:\/\/www.canalrural.com.br\/?s=Morat%C3%B3ria+da+Soja\">acordo que restringe a comercializa\u00e7\u00e3o do gr\u00e3o<\/a> produzido em \u00e1reas desmatadas da Amaz\u00f4nia Legal ap\u00f3s 2008.<\/p>\n<ul class=\"wp-block-list\">\n<li><strong><em>Fique por dentro das novidades e not\u00edcias recentes sobre a soja! Participe da nossa comunidade atrav\u00e9s do\u00a0<a href=\"https:\/\/chat.whatsapp.com\/BmMRwA0TZ2DHGyhzoaVEWu\">link<\/a>! \ud83c\udf31<\/em><\/strong><\/li>\n<\/ul>\n<p>A decis\u00e3o do Cade no Brasil \u00e9 vista como refer\u00eancia internacional em regulamenta\u00e7\u00e3o de pr\u00e1ticas de mercado. Especialistas destacam que o resultado pode servir de par\u00e2metro para outros pa\u00edses do bloco, que j\u00e1 conduzem estudos sobre a cadeia global de gr\u00e3os e eventuais impactos nas negocia\u00e7\u00f5es comerciais internacionais.<\/p>\n<p>Em agosto, a Superintend\u00eancia-Geral do Cade abriu processo administrativo contra o Grupo de Trabalho da Soja, respons\u00e1vel pela morat\u00f3ria, e suspendeu preventivamente o acordo. Uma semana depois, a Justi\u00e7a Federal de Bras\u00edlia concedeu liminar revertendo a suspens\u00e3o, a pedido da Associa\u00e7\u00e3o Brasileira das Ind\u00fastrias de \u00d3leos Vegetais (Abiove). O caso ser\u00e1 analisado na pr\u00f3xima sess\u00e3o ordin\u00e1ria do Cade, prevista para 30 de setembro.<\/p>\n<p>O setor permanece dividido. Tradings defendem que a morat\u00f3ria ajudou a reduzir o desmatamento e que refor\u00e7a o compromisso ambiental do pa\u00eds. Produtores de soja, por outro lado, argumentam que o acordo limita a expans\u00e3o de \u00e1reas agr\u00edcolas legais. Com o poss\u00edvel fim, redes varejistas e supermercados europeus solicitaram \u00e0s grandes tradings que continuem adquirindo soja produzida em \u00e1reas n\u00e3o desmatadas, mesmo que a morat\u00f3ria n\u00e3o seja suspensa no Brasil.<\/p>\n<p><strong>*Com informa\u00e7\u00f5es da CNN Brasil.<\/strong><\/p>\n<\/p><\/div>\n<p><br \/>\n<br \/><a href=\"https:\/\/www.canalrural.com.br\/agricultura\/projeto-soja-brasil\/orgaos-do-brics-acompanham-decisao-do-cade-sobre-moratoria-da-soja\/\">Source link <\/a><\/p>\n","protected":false},"excerpt":{"rendered":"<p>Os \u00f3rg\u00e3os antitrustes dos pa\u00edses do Brics est\u00e3o acompanhando de perto a decis\u00e3o do Tribunal do Conselho Administrativo de Defesa<\/p>\n","protected":false},"author":1,"featured_media":14686,"comment_status":"open","ping_status":"open","sticky":false,"template":"","format":"standard","meta":{"_monsterinsights_skip_tracking":false,"_monsterinsights_sitenote_active":false,"_monsterinsights_sitenote_note":"","_monsterinsights_sitenote_category":0,"_uf_show_specific_survey":0,"_uf_disable_surveys":false,"footnotes":""},"categories":[1],"tags":[],"class_list":["post-20642","post","type-post","status-publish","format-standard","has-post-thumbnail","hentry","category-news"],"_links":{"self":[{"href":"https:\/\/agromt.news\/index.php?rest_route=\/wp\/v2\/posts\/20642"}],"collection":[{"href":"https:\/\/agromt.news\/index.php?rest_route=\/wp\/v2\/posts"}],"about":[{"href":"https:\/\/agromt.news\/index.php?rest_route=\/wp\/v2\/types\/post"}],"author":[{"embeddable":true,"href":"https:\/\/agromt.news\/index.php?rest_route=\/wp\/v2\/users\/1"}],"replies":[{"embeddable":true,"href":"https:\/\/agromt.news\/index.php?rest_route=%2Fwp%2Fv2%2Fcomments&post=20642"}],"version-history":[{"count":0,"href":"https:\/\/agromt.news\/index.php?rest_route=\/wp\/v2\/posts\/20642\/revisions"}],"wp:featuredmedia":[{"embeddable":true,"href":"https:\/\/agromt.news\/index.php?rest_route=\/wp\/v2\/media\/14686"}],"wp:attachment":[{"href":"https:\/\/agromt.news\/index.php?rest_route=%2Fwp%2Fv2%2Fmedia&parent=20642"}],"wp:term":[{"taxonomy":"category","embeddable":true,"href":"https:\/\/agromt.news\/index.php?rest_route=%2Fwp%2Fv2%2Fcategories&post=20642"},{"taxonomy":"post_tag","embeddable":true,"href":"https:\/\/agromt.news\/index.php?rest_route=%2Fwp%2Fv2%2Ftags&post=20642"}],"curies":[{"name":"wp","href":"https:\/\/api.w.org\/{rel}","templated":true}]}}