{"id":20640,"date":"2025-09-22T17:27:14","date_gmt":"2025-09-22T21:27:14","guid":{"rendered":"https:\/\/agromt.news\/?p=20640"},"modified":"2025-09-22T17:27:14","modified_gmt":"2025-09-22T21:27:14","slug":"agro-sustenta-saldo-positivo-da-balanca-comercial-em-setembro","status":"publish","type":"post","link":"https:\/\/agromt.news\/?p=20640","title":{"rendered":"Agro sustenta saldo positivo da balan\u00e7a comercial em setembro"},"content":{"rendered":"<p> <br \/>\n<br \/><img decoding=\"async\" src=\"https:\/\/agromt.news\/wp-content\/uploads\/2025\/09\/Agro-sustenta-saldo-positivo-da-balanca-comercial-em-setembro.jpg\" \/><\/p>\n<div>\n<p>Puxada pelas exporta\u00e7\u00f5es do agro, a balan\u00e7a comercial brasileira registrou super\u00e1vit de US$ 721,8 milh\u00f5es na terceira semana de setembro, segundo dados da Secretaria de Com\u00e9rcio Exterior do Minist\u00e9rio do desenvolvimento, Ind\u00fastria, Com\u00e9rcio e Servi\u00e7os (<a href=\"https:\/\/www.canalrural.com.br\/tag\/mdic\/\">MDIC<\/a>). No acumulado do m\u00eas, o saldo chega a US$ 2,382 bilh\u00f5es.<\/p>\n<p>De janeiro a setembro, o super\u00e1vit soma US$ 45,194 bilh\u00f5es. As exporta\u00e7\u00f5es totalizaram US$ 247,520 bilh\u00f5es, contra US$ 202,326 bilh\u00f5es em importa\u00e7\u00f5es no mesmo per\u00edodo.<\/p>\n<h3 class=\"wp-block-heading\" id=\"h-avanco-do-agro\">Avan\u00e7o do agro<\/h3>\n<p>Nas tr\u00eas primeiras semanas de setembro, a <a href=\"https:\/\/www.canalrural.com.br\/tag\/agropecuaria\/\">agropecu\u00e1ria <\/a>registrou crescimento de 5,7% nas exporta\u00e7\u00f5es, que alcan\u00e7aram US$ 4,3 bilh\u00f5es. O setor foi o \u00fanico a apresentar expans\u00e3o, enquanto a ind\u00fastria extrativa recuou 3,9% e a ind\u00fastria de transforma\u00e7\u00e3o caiu 4,5% em rela\u00e7\u00e3o ao mesmo per\u00edodo de 2024.<\/p>\n<p>Do lado das importa\u00e7\u00f5es, houve queda de 9,5% na compra de produtos agropecu\u00e1rios, para US$ 298,6 milh\u00f5es. J\u00e1 a ind\u00fastria de transforma\u00e7\u00e3o avan\u00e7ou 7% e somou US$ 16,215 bilh\u00f5es, puxando o crescimento de 5,1% nas importa\u00e7\u00f5es totais.<\/p>\n<h3 class=\"wp-block-heading\" id=\"h-comercio-exterior-em-equilibrio\">Com\u00e9rcio exterior em equil\u00edbrio<\/h3>\n<p>Al\u00e9m disso, o avan\u00e7o do agroneg\u00f3cio ajudou a sustentar o saldo positivo da balan\u00e7a, mesmo diante da retra\u00e7\u00e3o nas exporta\u00e7\u00f5es da ind\u00fastria. Ao mesmo tempo, a maior demanda por bens manufaturados elevou as compras externas, equilibrando o desempenho das contas comerciais no m\u00eas.<\/p>\n<\/p><\/div>\n<p><br \/>\n<br \/><a href=\"https:\/\/www.canalrural.com.br\/agricultura\/agronegocio\/agro-sustenta-saldo-positivo-da-balanca-comercial-em-setembro\/\">Source link <\/a><\/p>\n","protected":false},"excerpt":{"rendered":"<p>Puxada pelas exporta\u00e7\u00f5es do agro, a balan\u00e7a comercial brasileira registrou super\u00e1vit de US$ 721,8 milh\u00f5es na terceira semana de setembro,<\/p>\n","protected":false},"author":1,"featured_media":20641,"comment_status":"open","ping_status":"open","sticky":false,"template":"","format":"standard","meta":{"_monsterinsights_skip_tracking":false,"_monsterinsights_sitenote_active":false,"_monsterinsights_sitenote_note":"","_monsterinsights_sitenote_category":0,"_uf_show_specific_survey":0,"_uf_disable_surveys":false,"footnotes":""},"categories":[1],"tags":[],"class_list":["post-20640","post","type-post","status-publish","format-standard","has-post-thumbnail","hentry","category-news"],"_links":{"self":[{"href":"https:\/\/agromt.news\/index.php?rest_route=\/wp\/v2\/posts\/20640"}],"collection":[{"href":"https:\/\/agromt.news\/index.php?rest_route=\/wp\/v2\/posts"}],"about":[{"href":"https:\/\/agromt.news\/index.php?rest_route=\/wp\/v2\/types\/post"}],"author":[{"embeddable":true,"href":"https:\/\/agromt.news\/index.php?rest_route=\/wp\/v2\/users\/1"}],"replies":[{"embeddable":true,"href":"https:\/\/agromt.news\/index.php?rest_route=%2Fwp%2Fv2%2Fcomments&post=20640"}],"version-history":[{"count":0,"href":"https:\/\/agromt.news\/index.php?rest_route=\/wp\/v2\/posts\/20640\/revisions"}],"wp:featuredmedia":[{"embeddable":true,"href":"https:\/\/agromt.news\/index.php?rest_route=\/wp\/v2\/media\/20641"}],"wp:attachment":[{"href":"https:\/\/agromt.news\/index.php?rest_route=%2Fwp%2Fv2%2Fmedia&parent=20640"}],"wp:term":[{"taxonomy":"category","embeddable":true,"href":"https:\/\/agromt.news\/index.php?rest_route=%2Fwp%2Fv2%2Fcategories&post=20640"},{"taxonomy":"post_tag","embeddable":true,"href":"https:\/\/agromt.news\/index.php?rest_route=%2Fwp%2Fv2%2Ftags&post=20640"}],"curies":[{"name":"wp","href":"https:\/\/api.w.org\/{rel}","templated":true}]}}