{"id":20638,"date":"2025-09-22T17:13:08","date_gmt":"2025-09-22T21:13:08","guid":{"rendered":"https:\/\/agromt.news\/?p=20638"},"modified":"2025-09-22T17:13:08","modified_gmt":"2025-09-22T21:13:08","slug":"porteira-aberta-empreender-em-novo-dia-e-horario","status":"publish","type":"post","link":"https:\/\/agromt.news\/?p=20638","title":{"rendered":"Porteira Aberta Empreender em novo dia e hor\u00e1rio"},"content":{"rendered":"<p> <br \/>\n<\/p>\n<div>\n<p>O programa multiplataforma, Porteira Aberta Empreender, uma parceria entre Canal Rural e <a href=\"https:\/\/sebrae.com.br\/sites\/PortalSebrae\/\">Sebrae<\/a>, tem novidades. A partir desta semana, o programa passa a ser exibido todas \u00e0s sextas-feiras, \u00e0s 18h, ou seja, em novo dia e hor\u00e1rio.<\/p>\n<p>A mudan\u00e7a integra a adapta\u00e7\u00e3o da grade do Canal Rural, que busca aproximar ainda mais os micro e pequenos produtores rurais com conte\u00fados de empreendedorismo, hist\u00f3rias inspiradoras do campo e muito mais.\u00a0<\/p>\n<h2 class=\"wp-block-heading\" id=\"h-tema-de-estreia-no-novo-horario\"><strong>Tema de estreia no novo hor\u00e1rio<\/strong><\/h2>\n<p>Nesta sexta-feira (26), \u00e0s 18h, o tema \u00e9 \u201c<strong><a href=\"https:\/\/www.canalrural.com.br\/agricultura\/lista-de-desconto-em-credito-para-a-agricultura-familiar-e-ampliada\/\">Sucess\u00e3o Familiar<\/a>\u201c<\/strong>. Voc\u00ea vai conhecer hist\u00f3rias de quem deixou o campo e voltou e, at\u00e9 mesmo, dicas de como preparar gera\u00e7\u00f5es e a gest\u00e3o do neg\u00f3cio rural.<\/p>\n<p>O programa Porteira Aberta Empreender tamb\u00e9m abre espa\u00e7o para voc\u00ea, produtor. Envie sugest\u00f5es, mostre sua propriedade e cultivos, compartilhe experi\u00eancias e, claro, tire d\u00favidas \u00a0pelo nosso<a href=\"https:\/\/api.whatsapp.com\/send?phone=5511932796720&amp;PorteiraAbertaEmpreender=SuaMensagem\"><strong> WhatsApp<\/strong><\/a>. <\/p>\n<h2 class=\"wp-block-heading\" id=\"h-porteira-aberta-empreender\"><strong>Porteira Aberta Empreender<\/strong><\/h2>\n<p>Al\u00e9m do YouTube, assista ao Porteira Aberta Empreender <a href=\"https:\/\/www.youtube.com\/watch?v=FPOfL5BkUAY&amp;t=2s\">nestes canais: <\/a><\/p>\n<figure class=\"wp-block-image size-full is-resized\"><img fetchpriority=\"high\" decoding=\"async\" width=\"1013\" height=\"1017\" src=\"https:\/\/agromt.news\/wp-content\/uploads\/2025\/08\/tradicao-dos-queijos-artesanais-e-turismo-rural-em-Goias.png\" alt=\"\" class=\"wp-image-4116505\" style=\"width:420px;height:auto\"  \/><figcaption class=\"wp-element-caption\">\u00c0s sextas-feiras, \u00e0s 18h, no Canal Rural. | Foto: Arte Divulga\u00e7\u00e3o<\/figcaption><\/figure>\n<\/p><\/div>\n<p><br \/>\n<br \/><a href=\"https:\/\/www.canalrural.com.br\/empreendedorismo\/sintonize-porteira-aberta-empreender-em-novo-dia-e-horario\/\">Source link <\/a><\/p>\n","protected":false},"excerpt":{"rendered":"<p>O programa multiplataforma, Porteira Aberta Empreender, uma parceria entre Canal Rural e Sebrae, tem novidades. A partir desta semana, o<\/p>\n","protected":false},"author":1,"featured_media":20639,"comment_status":"open","ping_status":"open","sticky":false,"template":"","format":"standard","meta":{"_monsterinsights_skip_tracking":false,"_monsterinsights_sitenote_active":false,"_monsterinsights_sitenote_note":"","_monsterinsights_sitenote_category":0,"_uf_show_specific_survey":0,"_uf_disable_surveys":false,"footnotes":""},"categories":[1],"tags":[],"class_list":["post-20638","post","type-post","status-publish","format-standard","has-post-thumbnail","hentry","category-news"],"_links":{"self":[{"href":"https:\/\/agromt.news\/index.php?rest_route=\/wp\/v2\/posts\/20638"}],"collection":[{"href":"https:\/\/agromt.news\/index.php?rest_route=\/wp\/v2\/posts"}],"about":[{"href":"https:\/\/agromt.news\/index.php?rest_route=\/wp\/v2\/types\/post"}],"author":[{"embeddable":true,"href":"https:\/\/agromt.news\/index.php?rest_route=\/wp\/v2\/users\/1"}],"replies":[{"embeddable":true,"href":"https:\/\/agromt.news\/index.php?rest_route=%2Fwp%2Fv2%2Fcomments&post=20638"}],"version-history":[{"count":0,"href":"https:\/\/agromt.news\/index.php?rest_route=\/wp\/v2\/posts\/20638\/revisions"}],"wp:featuredmedia":[{"embeddable":true,"href":"https:\/\/agromt.news\/index.php?rest_route=\/wp\/v2\/media\/20639"}],"wp:attachment":[{"href":"https:\/\/agromt.news\/index.php?rest_route=%2Fwp%2Fv2%2Fmedia&parent=20638"}],"wp:term":[{"taxonomy":"category","embeddable":true,"href":"https:\/\/agromt.news\/index.php?rest_route=%2Fwp%2Fv2%2Fcategories&post=20638"},{"taxonomy":"post_tag","embeddable":true,"href":"https:\/\/agromt.news\/index.php?rest_route=%2Fwp%2Fv2%2Ftags&post=20638"}],"curies":[{"name":"wp","href":"https:\/\/api.w.org\/{rel}","templated":true}]}}