{"id":20631,"date":"2025-09-22T16:30:05","date_gmt":"2025-09-22T20:30:05","guid":{"rendered":"https:\/\/agromt.news\/?p=20631"},"modified":"2025-09-22T16:30:05","modified_gmt":"2025-09-22T20:30:05","slug":"cartilha-gratuita-orienta-sobre-restauracao-de-areas-degradadas","status":"publish","type":"post","link":"https:\/\/agromt.news\/?p=20631","title":{"rendered":"cartilha gratuita orienta sobre restaura\u00e7\u00e3o de \u00e1reas degradadas"},"content":{"rendered":"<p> <br \/>\n<br \/><img decoding=\"async\" src=\"https:\/\/agromt.news\/wp-content\/uploads\/2025\/09\/cartilha-gratuita-orienta-sobre-restauracao-de-areas-degradadas.jpg\" \/><\/p>\n<div>\n<p>Na pen\u00faltima semana de setembro, dedicada \u00e0 prote\u00e7\u00e3o do Cerrado, produtores rurais de S\u00e3o Paulo e <strong><a href=\"http:\/\/www.canalrural.com.br\/tag\/mato-grosso-do-sul\/\">Mato Grosso do Sul<\/a><\/strong> receberam uma novidade importante: uma cartilha gratuita sobre restaura\u00e7\u00e3o de \u00e1reas degradadas. A iniciativa \u00e9 da Bracell, com apoio de especialistas em legisla\u00e7\u00e3o ambiental, e tem como objetivo orientar produtores e demais interessados sobre os caminhos para a regulariza\u00e7\u00e3o ambiental e a recupera\u00e7\u00e3o de paisagens.<\/p>\n<p><iframe title=\"Especialistas desenvolvem cartilha com orienta\u00e7\u00f5es para a restaura\u00e7\u00e3o de paisagens degradadas\" width=\"800\" height=\"450\" src=\"https:\/\/www.youtube.com\/embed\/nOMKDvBFUQ4?feature=oembed\" frameborder=\"0\" allow=\"accelerometer; autoplay; clipboard-write; encrypted-media; gyroscope; picture-in-picture; web-share\" referrerpolicy=\"strict-origin-when-cross-origin\" allowfullscreen><\/iframe><noscript><iframe title=\"Especialistas desenvolvem cartilha com orienta\u00e7\u00f5es para a restaura\u00e7\u00e3o de paisagens degradadas\" width=\"800\" height=\"450\" src=\"https:\/\/www.youtube.com\/embed\/nOMKDvBFUQ4?feature=oembed\" frameborder=\"0\" allow=\"accelerometer; autoplay; clipboard-write; encrypted-media; gyroscope; picture-in-picture; web-share\" referrerpolicy=\"strict-origin-when-cross-origin\" allowfullscreen><\/iframe><\/noscript><\/p>\n<p>De acordo com o especialista em meio ambiente <strong>Jaemir Grasiel Kroetz<\/strong>, a cartilha nasceu da necessidade de esclarecer d\u00favidas frequentes de produtores do Cerrado. \u201cPercebemos que muitos parceiros tinham questionamentos semelhantes sobre regulariza\u00e7\u00e3o, t\u00e9cnicas de restaura\u00e7\u00e3o e como poderiam adequar seus im\u00f3veis \u00e0 legisla\u00e7\u00e3o. Pensamos, ent\u00e3o, em um material pr\u00e1tico, com exemplos e ilustra\u00e7\u00f5es, para facilitar esse processo\u201d, disse.<\/p>\n<h2 class=\"wp-block-heading\" id=\"h-conteudo-pratico-e-foco-no-produtor-rural\">Conte\u00fado pr\u00e1tico e foco no produtor rural<\/h2>\n<p>O material foi elaborado para atender, principalmente, os produtores rurais de S\u00e3o Paulo e Mato Grosso do Sul, regi\u00f5es com im\u00f3veis j\u00e1 inscritos no Cadastro Ambiental Rural (CAR). A cartilha re\u00fane orienta\u00e7\u00f5es detalhadas sobre etapas de regulariza\u00e7\u00e3o, ades\u00e3o ao Programa de Regulariza\u00e7\u00e3o Ambiental (PRA), c\u00f4mputo de reserva legal e defini\u00e7\u00e3o de \u00c1reas de Preserva\u00e7\u00e3o Permanente (APPs).<\/p>\n<p>Segundo Kroetz, a inscri\u00e7\u00e3o no CAR \u00e9 o primeiro passo essencial. Ele lembrou que, para im\u00f3veis de at\u00e9 quatro m\u00f3dulos rurais, o prazo de ades\u00e3o segue aberto at\u00e9 31 de dezembro. \u201c\u00c9 fundamental que os produtores n\u00e3o deixem passar essa oportunidade, pois a inscri\u00e7\u00e3o garante benef\u00edcios previstos na legisla\u00e7\u00e3o\u201d, destacou.<\/p>\n<h2 class=\"wp-block-heading\" id=\"h-beneficios-ambientais-e-sociais\">Benef\u00edcios ambientais e sociais<\/h2>\n<p>Al\u00e9m de atender \u00e0s exig\u00eancias legais, a restaura\u00e7\u00e3o de \u00e1reas degradadas do Cerrado promove ganhos que v\u00e3o al\u00e9m dos limites das propriedades. Kroetz ressaltou que a regulariza\u00e7\u00e3o ambiental favorece toda a sociedade. <\/p>\n<p>\u201cQuando falamos em restaura\u00e7\u00e3o, falamos tamb\u00e9m de conserva\u00e7\u00e3o da biodiversidade, prote\u00e7\u00e3o dos recursos h\u00eddricos e do solo. S\u00e3o benef\u00edcios que ultrapassam os im\u00f3veis e impactam positivamente a comunidade como um todo\u201d, afirmou.<\/p>\n<h2 class=\"wp-block-heading\" id=\"h-acesso-gratuito-ao-material\">Acesso gratuito ao material<\/h2>\n<p>O guia est\u00e1 dispon\u00edvel para produtores, estudantes e profissionais da \u00e1rea. O download pode ser feito no site oficial da Bracellnas vers\u00f5es para <strong><a href=\"https:\/\/www.bracell.com\/wp-content\/uploads\/2025\/09\/Cartilha_de_Restauracao_Ecologica_Bracell_SP_compacto.pdf\">S\u00e3o Paulo<\/a><\/strong> e para <strong><a href=\"https:\/\/www.bracell.com\/wp-content\/uploads\/2025\/09\/Cartilha_de_Restauracao_Ecologica_Bracell_MS_compacto.pdf\">Mato Grosso do Sul<\/a><\/strong>. \u201c\u00c9 um material gratuito, acess\u00edvel e fundamental para quem deseja se adequar \u00e0 legisla\u00e7\u00e3o e contribuir com a sustentabilidade\u201d, completou o especialista.<\/p>\n<p>A iniciativa refor\u00e7a a import\u00e2ncia de pr\u00e1ticas sustent\u00e1veis no campo, especialmente em um per\u00edodo em que a preserva\u00e7\u00e3o do Cerrado e de outros biomas brasileiros est\u00e1 no centro do debate ambiental.<\/p>\n<p>Leia mais sobre sustentabilidade no <strong><a href=\"https:\/\/planetacampo.canalrural.com.br\/\">Planeta Campo<\/a><\/strong>.<\/p>\n<\/p><\/div>\n<p><br \/>\n<br \/><a href=\"https:\/\/www.canalrural.com.br\/sustentabilidade\/protecao-do-cerrado-cartilha-gratuita-orienta-sobre-restauracao-de-areas-degradadas\/\">Source link <\/a><\/p>\n","protected":false},"excerpt":{"rendered":"<p>Na pen\u00faltima semana de setembro, dedicada \u00e0 prote\u00e7\u00e3o do Cerrado, produtores rurais de S\u00e3o Paulo e Mato Grosso do Sul<\/p>\n","protected":false},"author":1,"featured_media":20632,"comment_status":"open","ping_status":"open","sticky":false,"template":"","format":"standard","meta":{"_monsterinsights_skip_tracking":false,"_monsterinsights_sitenote_active":false,"_monsterinsights_sitenote_note":"","_monsterinsights_sitenote_category":0,"_uf_show_specific_survey":0,"_uf_disable_surveys":false,"footnotes":""},"categories":[1],"tags":[],"class_list":["post-20631","post","type-post","status-publish","format-standard","has-post-thumbnail","hentry","category-news"],"_links":{"self":[{"href":"https:\/\/agromt.news\/index.php?rest_route=\/wp\/v2\/posts\/20631"}],"collection":[{"href":"https:\/\/agromt.news\/index.php?rest_route=\/wp\/v2\/posts"}],"about":[{"href":"https:\/\/agromt.news\/index.php?rest_route=\/wp\/v2\/types\/post"}],"author":[{"embeddable":true,"href":"https:\/\/agromt.news\/index.php?rest_route=\/wp\/v2\/users\/1"}],"replies":[{"embeddable":true,"href":"https:\/\/agromt.news\/index.php?rest_route=%2Fwp%2Fv2%2Fcomments&post=20631"}],"version-history":[{"count":0,"href":"https:\/\/agromt.news\/index.php?rest_route=\/wp\/v2\/posts\/20631\/revisions"}],"wp:featuredmedia":[{"embeddable":true,"href":"https:\/\/agromt.news\/index.php?rest_route=\/wp\/v2\/media\/20632"}],"wp:attachment":[{"href":"https:\/\/agromt.news\/index.php?rest_route=%2Fwp%2Fv2%2Fmedia&parent=20631"}],"wp:term":[{"taxonomy":"category","embeddable":true,"href":"https:\/\/agromt.news\/index.php?rest_route=%2Fwp%2Fv2%2Fcategories&post=20631"},{"taxonomy":"post_tag","embeddable":true,"href":"https:\/\/agromt.news\/index.php?rest_route=%2Fwp%2Fv2%2Ftags&post=20631"}],"curies":[{"name":"wp","href":"https:\/\/api.w.org\/{rel}","templated":true}]}}