{"id":20627,"date":"2025-09-22T15:47:59","date_gmt":"2025-09-22T19:47:59","guid":{"rendered":"https:\/\/agromt.news\/?p=20627"},"modified":"2025-09-22T15:47:59","modified_gmt":"2025-09-22T19:47:59","slug":"morre-mario-silveira-ex-diretor-do-banco-do-brasil-e-expoente-da-raca-sindi","status":"publish","type":"post","link":"https:\/\/agromt.news\/?p=20627","title":{"rendered":"Morre Mario Silveira, ex-diretor do Banco do Brasil e expoente da ra\u00e7a Sindi"},"content":{"rendered":"<p> <br \/>\n<br \/><img decoding=\"async\" src=\"https:\/\/agromt.news\/wp-content\/uploads\/2025\/09\/Morre-Mario-Silveira-ex-diretor-do-Banco-do-Brasil-e-expoente.jpeg\" \/><\/p>\n<div>\n<p>A Associa\u00e7\u00e3o Brasileira dos Criadores de Sindi <strong><a href=\"https:\/\/www.canalrural.com.br\/tag\/sindi\/\">(ABCSindi<\/a><\/strong>) divulgou nota em que lamenta a morte do Dr. M\u00e1rio Silveira, ex-deputado, ex-diretor do Banco do Brasil e ex-secret\u00e1rio do estado da Para\u00edba.<\/p>\n<p>De acordo com a entidade, tratava-se de uma pessoa idealista, nobre e de reconhecida sabedoria. \u201cDeixa um exemplar legado para os criadores da Ra\u00e7a Sindi no Brasil. A ABCSindi registra os sentimentos dos amigos, admiradores e companheiros de sua trajet\u00f3ria inspiradora na sele\u00e7\u00e3o do Sindi MS\u201d.<\/p>\n<p>Silveira morreu na noite da \u00faltima sexta-feira (19), em Jo\u00e3o Pessoa, aos 90 anos. Ele enfrentava o Alzheimer h\u00e1 tr\u00eas anos e faleceu de causas naturais. Foi velado e sepultado no Parque das Ac\u00e1cias, na capital paraibana.<\/p>\n<p>Economista e advogado, nasceu em 5 de mar\u00e7o de 1935. Foi eleito deputado estadual por tr\u00eas mandatos consecutivos, entre 1959 e 1969. Sua atua\u00e7\u00e3o foi interrompida com a cassa\u00e7\u00e3o do mandato pelo regime militar.<\/p>\n<p>Ele era pai de S\u00edlvia Maria Almeida Silveira, atual secret\u00e1ria de Finan\u00e7as e Or\u00e7amento da Assembleia Legislativa da Para\u00edba (ALPB).<\/p>\n<\/p><\/div>\n<p><br \/>\n<br \/><a href=\"https:\/\/www.canalrural.com.br\/nacional\/morre-mario-silveira-ex-diretor-do-banco-do-brasil-e-expoente-da-raca-sindi\/\">Source link <\/a><\/p>\n","protected":false},"excerpt":{"rendered":"<p>A Associa\u00e7\u00e3o Brasileira dos Criadores de Sindi (ABCSindi) divulgou nota em que lamenta a morte do Dr. M\u00e1rio Silveira, ex-deputado,<\/p>\n","protected":false},"author":1,"featured_media":20628,"comment_status":"open","ping_status":"open","sticky":false,"template":"","format":"standard","meta":{"_monsterinsights_skip_tracking":false,"_monsterinsights_sitenote_active":false,"_monsterinsights_sitenote_note":"","_monsterinsights_sitenote_category":0,"_uf_show_specific_survey":0,"_uf_disable_surveys":false,"footnotes":""},"categories":[1],"tags":[],"class_list":["post-20627","post","type-post","status-publish","format-standard","has-post-thumbnail","hentry","category-news"],"_links":{"self":[{"href":"https:\/\/agromt.news\/index.php?rest_route=\/wp\/v2\/posts\/20627"}],"collection":[{"href":"https:\/\/agromt.news\/index.php?rest_route=\/wp\/v2\/posts"}],"about":[{"href":"https:\/\/agromt.news\/index.php?rest_route=\/wp\/v2\/types\/post"}],"author":[{"embeddable":true,"href":"https:\/\/agromt.news\/index.php?rest_route=\/wp\/v2\/users\/1"}],"replies":[{"embeddable":true,"href":"https:\/\/agromt.news\/index.php?rest_route=%2Fwp%2Fv2%2Fcomments&post=20627"}],"version-history":[{"count":0,"href":"https:\/\/agromt.news\/index.php?rest_route=\/wp\/v2\/posts\/20627\/revisions"}],"wp:featuredmedia":[{"embeddable":true,"href":"https:\/\/agromt.news\/index.php?rest_route=\/wp\/v2\/media\/20628"}],"wp:attachment":[{"href":"https:\/\/agromt.news\/index.php?rest_route=%2Fwp%2Fv2%2Fmedia&parent=20627"}],"wp:term":[{"taxonomy":"category","embeddable":true,"href":"https:\/\/agromt.news\/index.php?rest_route=%2Fwp%2Fv2%2Fcategories&post=20627"},{"taxonomy":"post_tag","embeddable":true,"href":"https:\/\/agromt.news\/index.php?rest_route=%2Fwp%2Fv2%2Ftags&post=20627"}],"curies":[{"name":"wp","href":"https:\/\/api.w.org\/{rel}","templated":true}]}}