{"id":20624,"date":"2025-09-22T15:20:01","date_gmt":"2025-09-22T19:20:01","guid":{"rendered":"https:\/\/agromt.news\/?p=20624"},"modified":"2025-09-22T15:20:01","modified_gmt":"2025-09-22T19:20:01","slug":"jose-vidal-hilgert-morre-aos-72-anos","status":"publish","type":"post","link":"https:\/\/agromt.news\/?p=20624","title":{"rendered":"Jos\u00e9 Vidal Hilgert morre aos 72 anos"},"content":{"rendered":"<p> <br \/>\n<br \/><img decoding=\"async\" src=\"https:\/\/agromt.news\/wp-content\/uploads\/2025\/09\/Jose-Vidal-Hilgert-morre-aos-72-anos.jpg\" \/><\/p>\n<div>\n<p>Morreu nesta segunda-feira (22) o pecuarista Jos\u00e9 Vida Hilgert. Pioneiro na pecu\u00e1ria na regi\u00e3o de Ji-Paran\u00e1 (RO), Jos\u00e9 tinha 72 anos e comandava a Fazenda Para\u00edso. Ele foi um dos fundadores do Fundo de Erradica\u00e7\u00e3o da Febre Aftosa, que contribuiu de forma significativa para a elimina\u00e7\u00e3o da doen\u00e7a no estado de Rond\u00f4nia.<\/p>\n<p>Jos\u00e9 Vidal deixa a esposa, S\u00f4nia Hilgert, al\u00e9m de quatro filhos e 11 netos. O vel\u00f3rio est\u00e1 sendo realizado na Igreja S\u00e3o Jo\u00e3o Dom Bosco, em Ji-Paran\u00e1. O sepultamento acontecer\u00e1 no mesmo local, a partir das 9h de ter\u00e7a-feira (23).<\/p>\n<\/p><\/div>\n<p><br \/>\n<br \/><a href=\"https:\/\/www.canalrural.com.br\/diversos\/jose-vidal-hilgert-morre-aos-72-anos\/\">Source link <\/a><\/p>\n","protected":false},"excerpt":{"rendered":"<p>Morreu nesta segunda-feira (22) o pecuarista Jos\u00e9 Vida Hilgert. Pioneiro na pecu\u00e1ria na regi\u00e3o de Ji-Paran\u00e1 (RO), Jos\u00e9 tinha 72<\/p>\n","protected":false},"author":1,"featured_media":20625,"comment_status":"open","ping_status":"open","sticky":false,"template":"","format":"standard","meta":{"_monsterinsights_skip_tracking":false,"_monsterinsights_sitenote_active":false,"_monsterinsights_sitenote_note":"","_monsterinsights_sitenote_category":0,"_uf_show_specific_survey":0,"_uf_disable_surveys":false,"footnotes":""},"categories":[1],"tags":[],"class_list":["post-20624","post","type-post","status-publish","format-standard","has-post-thumbnail","hentry","category-news"],"_links":{"self":[{"href":"https:\/\/agromt.news\/index.php?rest_route=\/wp\/v2\/posts\/20624"}],"collection":[{"href":"https:\/\/agromt.news\/index.php?rest_route=\/wp\/v2\/posts"}],"about":[{"href":"https:\/\/agromt.news\/index.php?rest_route=\/wp\/v2\/types\/post"}],"author":[{"embeddable":true,"href":"https:\/\/agromt.news\/index.php?rest_route=\/wp\/v2\/users\/1"}],"replies":[{"embeddable":true,"href":"https:\/\/agromt.news\/index.php?rest_route=%2Fwp%2Fv2%2Fcomments&post=20624"}],"version-history":[{"count":0,"href":"https:\/\/agromt.news\/index.php?rest_route=\/wp\/v2\/posts\/20624\/revisions"}],"wp:featuredmedia":[{"embeddable":true,"href":"https:\/\/agromt.news\/index.php?rest_route=\/wp\/v2\/media\/20625"}],"wp:attachment":[{"href":"https:\/\/agromt.news\/index.php?rest_route=%2Fwp%2Fv2%2Fmedia&parent=20624"}],"wp:term":[{"taxonomy":"category","embeddable":true,"href":"https:\/\/agromt.news\/index.php?rest_route=%2Fwp%2Fv2%2Fcategories&post=20624"},{"taxonomy":"post_tag","embeddable":true,"href":"https:\/\/agromt.news\/index.php?rest_route=%2Fwp%2Fv2%2Ftags&post=20624"}],"curies":[{"name":"wp","href":"https:\/\/api.w.org\/{rel}","templated":true}]}}