{"id":20622,"date":"2025-09-22T15:05:43","date_gmt":"2025-09-22T19:05:43","guid":{"rendered":"https:\/\/agromt.news\/?p=20622"},"modified":"2025-09-22T15:05:43","modified_gmt":"2025-09-22T19:05:43","slug":"la-nina-vem-ai-plataforma-aponta-possivel-risco-climatico-para-a-safra-25-26-de-soja","status":"publish","type":"post","link":"https:\/\/agromt.news\/?p=20622","title":{"rendered":"La Ni\u00f1a vem a\u00ed? Plataforma aponta poss\u00edvel risco clim\u00e1tico para a safra 25\/26 de soja"},"content":{"rendered":"<p> <br \/>\n<br \/><img decoding=\"async\" src=\"https:\/\/agromt.news\/wp-content\/uploads\/2025\/09\/La-Nina-vem-ai-Plataforma-aponta-possivel-risco-climatico-para.png\" \/><\/p>\n<div>\n<p>A press\u00e3o da colheita norte-americana ditou o tom negativo na Bolsa de Chicago (CBOT) durante a \u00faltima semana. De acordo com informa\u00e7\u00f5es fornecidas pela plataforma <a href=\"https:\/\/www.graodireto.com.br\/\">Gr\u00e3o Direto<\/a>, o relat\u00f3rio de Acompanhamento de Safras do USDA indicou que 5% da \u00e1rea de soja j\u00e1 foi colhida, um ritmo que supera a m\u00e9dia hist\u00f3rica e sinaliza a entrada de uma volumosa oferta no <a href=\"https:\/\/www.canalrural.com.br\/agricultura\/projeto-soja-brasil\/maior-do-que-o-esperado-usda-e-conab-confirmam-oferta-mundial-recorde-de-soja-em-2025-26\/\">mercado global<\/a>. <\/p>\n<ul class=\"wp-block-list\">\n<li><strong><em>Fique por dentro das novidades e not\u00edcias recentes sobre a soja! Participe da nossa comunidade atrav\u00e9s do\u00a0<a href=\"https:\/\/chat.whatsapp.com\/BmMRwA0TZ2DHGyhzoaVEWu\">link<\/a>! \ud83c\udf31<\/em><\/strong><\/li>\n<\/ul>\n<p>O cen\u00e1rio desanimador, somado \u00e0 falta de an\u00fancios de novas compras chinesas ap\u00f3s uma liga\u00e7\u00e3o entre os presidentes dos EUA e da China, levou o contrato de novembro\/25 a acumular uma desvaloriza\u00e7\u00e3o de quase 2% na semana.<\/p>\n<h3 class=\"wp-block-heading\" id=\"h-a-forca-da-soja-brasileira\">A for\u00e7a da soja brasileira <\/h3>\n<p>Em forte contraste, o mercado brasileiro demonstrou not\u00e1vel resili\u00eancia, com os pre\u00e7os dom\u00e9sticos sustentados por pr\u00eamios de exporta\u00e7\u00e3o em patamares elevados. Essa valoriza\u00e7\u00e3o nos portos funcionou como um escudo, protegendo as cota\u00e7\u00f5es internas da queda em Chicago e neutralizando a desvaloriza\u00e7\u00e3o do d\u00f3lar, que fechou a semana cotado a R$ 5,32. A for\u00e7a dos pr\u00eamios refletiu no pre\u00e7o da saca no porto de Paranagu\u00e1, que encerrou a semana a R$ 140.<\/p>\n<p>A principal raz\u00e3o para a firmeza dos pr\u00eamios brasileiros continua sendo a tens\u00e3o comercial entre Estados Unidos e China, que desvia a demanda chinesa quase que exclusivamente para a Am\u00e9rica do Sul. Essa demanda concentrada \u00e9 confirmada pelas proje\u00e7\u00f5es da ANEC, que indicam embarques para setembro entre 7,2 e 7,85 milh\u00f5es de toneladas, volume muito superior ao registrado no mesmo m\u00eas do ano anterior, refor\u00e7ando a forte procura pelo produto nacional.<\/p>\n<h3 class=\"wp-block-heading\" id=\"h-o-que-esperar-do-mercado-de-soja\">O que esperar do mercado de soja?<\/h3>\n<p>As aten\u00e7\u00f5es do mercado se voltam para o in\u00edcio do plantio da safra 2025\/26 no Brasil, que come\u00e7ou de forma cautelosa em estados como Paran\u00e1 e Mato Grosso. O ritmo dos trabalhos de campo est\u00e1 diretamente dependente da chegada de chuvas mais regulares, aguardadas para as pr\u00f3ximas semanas, e as previs\u00f5es clim\u00e1ticas ser\u00e3o o principal vetor de influ\u00eancia no mercado, moldando as expectativas sobre o potencial da nova safra.<\/p>\n<h3 class=\"wp-block-heading\" id=\"h-la-nina-chegara\">La Ni\u00f1a chegar\u00e1?<\/h3>\n<p>Adicionando um fator de risco, a probabilidade de forma\u00e7\u00e3o do fen\u00f4meno La Ni\u00f1a durante a primavera aumentou, com ag\u00eancias meteorol\u00f3gicas elevando o n\u00edvel de alerta. Um La Ni\u00f1a, mesmo que de fraca intensidade, est\u00e1 associado a um padr\u00e3o de chuvas mais irregular e abaixo da m\u00e9dia para a regi\u00e3o Sul, o que poderia comprometer o potencial produtivo em estados importantes e adicionar um pr\u00eamio de risco clim\u00e1tico ao mercado futuro.<\/p>\n<p>A agenda da semana trar\u00e1 dados importantes, como o novo relat\u00f3rio de Acompanhamento de Safra do USDA na segunda-feira, que mostrar\u00e1 o ritmo da colheita nos EUA. \u00c0 medida que a oferta norte-americana aumenta, a janela de oportunidade para o Brasil capitalizar os atuais pr\u00eamios elevados se estreita, tornando as pr\u00f3ximas semanas cruciais para a comercializa\u00e7\u00e3o do restante da safra 2024\/25.<\/p>\n<\/p><\/div>\n<p><br \/>\n<br \/><a href=\"https:\/\/www.canalrural.com.br\/agricultura\/projeto-soja-brasil\/la-nina-vem-ai-plataforma-aponta-possivel-risco-climatico-para-a-safra-25-26-de-soja\/\">Source link <\/a><\/p>\n","protected":false},"excerpt":{"rendered":"<p>A press\u00e3o da colheita norte-americana ditou o tom negativo na Bolsa de Chicago (CBOT) durante a \u00faltima semana. De acordo<\/p>\n","protected":false},"author":1,"featured_media":20623,"comment_status":"open","ping_status":"open","sticky":false,"template":"","format":"standard","meta":{"_monsterinsights_skip_tracking":false,"_monsterinsights_sitenote_active":false,"_monsterinsights_sitenote_note":"","_monsterinsights_sitenote_category":0,"_uf_show_specific_survey":0,"_uf_disable_surveys":false,"footnotes":""},"categories":[1],"tags":[],"class_list":["post-20622","post","type-post","status-publish","format-standard","has-post-thumbnail","hentry","category-news"],"_links":{"self":[{"href":"https:\/\/agromt.news\/index.php?rest_route=\/wp\/v2\/posts\/20622"}],"collection":[{"href":"https:\/\/agromt.news\/index.php?rest_route=\/wp\/v2\/posts"}],"about":[{"href":"https:\/\/agromt.news\/index.php?rest_route=\/wp\/v2\/types\/post"}],"author":[{"embeddable":true,"href":"https:\/\/agromt.news\/index.php?rest_route=\/wp\/v2\/users\/1"}],"replies":[{"embeddable":true,"href":"https:\/\/agromt.news\/index.php?rest_route=%2Fwp%2Fv2%2Fcomments&post=20622"}],"version-history":[{"count":0,"href":"https:\/\/agromt.news\/index.php?rest_route=\/wp\/v2\/posts\/20622\/revisions"}],"wp:featuredmedia":[{"embeddable":true,"href":"https:\/\/agromt.news\/index.php?rest_route=\/wp\/v2\/media\/20623"}],"wp:attachment":[{"href":"https:\/\/agromt.news\/index.php?rest_route=%2Fwp%2Fv2%2Fmedia&parent=20622"}],"wp:term":[{"taxonomy":"category","embeddable":true,"href":"https:\/\/agromt.news\/index.php?rest_route=%2Fwp%2Fv2%2Fcategories&post=20622"},{"taxonomy":"post_tag","embeddable":true,"href":"https:\/\/agromt.news\/index.php?rest_route=%2Fwp%2Fv2%2Ftags&post=20622"}],"curies":[{"name":"wp","href":"https:\/\/api.w.org\/{rel}","templated":true}]}}