{"id":20621,"date":"2025-09-22T15:00:45","date_gmt":"2025-09-22T19:00:45","guid":{"rendered":"https:\/\/agromt.news\/?p=20621"},"modified":"2025-09-22T15:00:45","modified_gmt":"2025-09-22T19:00:45","slug":"oferta-limitada-pressiona-mercado-de-feijao","status":"publish","type":"post","link":"https:\/\/agromt.news\/?p=20621","title":{"rendered":"Oferta limitada pressiona mercado de feij\u00e3o"},"content":{"rendered":"<p> <br \/>\n<\/p>\n<div>\n<div class=\"row\">\n<div class=\"col-lg col-infos mt-0 mt-lg-0\">\n<div class=\"section-sub-title\">\n<p itemprop=\"description\">&#13;<br \/>\n                                O pico da safra ocorreu em agosto&#13;\n                            <\/p>\n<\/p><\/div>\n<div class=\"container\">\n<div class=\"row\">\n<div class=\"col-lg p-0\">\n<div>\n<div class=\"block-news-main-infos mt-3 text-start\">\n<p>                                            <strong class=\"fn\" itemprop=\"author\" style=\"color: rgb(112, 112, 112); \">&#13;<br \/>\n                                                <a href=\"https:\/\/www.agrolink.com.br\/noticias\/javascript:;\" class=\"text-uppercase\" target=\"_blank\" style=\"color: rgb(112, 112, 112); \" rel=\"noopener\">Agrolink<\/a>&#13;<br \/>\n&#13;<br \/>\n                                                    &#8211; Leonardo Gottems&#13;<br \/>\n&#13;<br \/>\n                                            <\/strong><br \/>\n                                        <\/p>\n<p>                                            <abbr><time datetime=\"2025 - 09 - 22T02:30\" itemprop=\"datePublished dateModified\"> Publicado em 22\/09\/2025 \u00e0s 02:30h.<\/time><\/abbr>\n                                    <\/div>\n<\/p><\/div>\n<\/p><\/div>\n<div class=\"col-lg p-0 text-lg-end\">\n<div>\n<div id=\"mdEnviarPagina\" class=\"modal fade\" role=\"dialog\">\n<div class=\"modal-dialog\">\n<div class=\"modal-content\">\n<div class=\"modal-body\">\n<p><strong>Estimado usu\u00e1rio.<\/strong><br \/>Preencha o formul\u00e1rio abaixo para remeter a p\u00e1gina.<\/p>\n<\/p><\/div>\n<\/p><\/div>\n<\/p><\/div>\n<\/div><\/div>\n<\/p><\/div>\n<\/p><\/div>\n<\/p><\/div>\n<\/p><\/div>\n<\/p><\/div>\n<div class=\"row justify-content-md-center mt-3\">\n<div class=\"col-lg-auto col-image block-news-main-image\">\n<p>                                <img decoding=\"async\" src=\"https:\/\/www.agrolink.com.br\/upload\/imagens-resizes\/3be0f8944cdd4381b758a46ef74c2b02_858x483.jpg\" class=\"lazyload img-fluid\" alt=\"O pico da safra ocorreu em agosto\"\/><br \/>\n                                                <span class=\"d-block mt-1\">O pico da safra ocorreu em agosto &#8211; Foto: Canva<\/span><\/p><\/div>\n<\/p><\/div>\n<div class=\"section-description section-description-noticias mt-3\">\n<p>Na \u00faltima semana, durante reuni\u00e3o com o grupo Grandes Produtores de <a href=\"https:\/\/www.agrolink.com.br\/culturas\/feijao\/?utm_source=agrolink-detalhe-noticia&amp;utm_medium=detalhe-noticia&amp;utm_campaign=links-internos\" target=\"_blank\" rel=\"noopener\">feij\u00e3o<\/a> e <a href=\"https:\/\/www.agrolink.com.br\/culturas\/trigo\/?utm_source=agrolink-detalhe-noticia&amp;utm_medium=detalhe-noticia&amp;utm_campaign=links-internos\" target=\"_blank\" rel=\"noopener\">trigo<\/a> da Syngenta (GPFT), foi apresentada uma an\u00e1lise sobre o abastecimento de <a href=\"https:\/\/www.agrolink.com.br\/culturas\/feijao\/?utm_source=agrolink-detalhe-noticia&amp;utm_medium=detalhe-noticia&amp;utm_campaign=links-internos\" target=\"_blank\" rel=\"noopener\">feij\u00e3o<\/a> no Brasil at\u00e9 o final de 2025. Segundo o Instituto Brasileiro de <a href=\"https:\/\/www.agrolink.com.br\/culturas\/feijao\/?utm_source=agrolink-detalhe-noticia&amp;utm_medium=detalhe-noticia&amp;utm_campaign=links-internos\" target=\"_blank\" rel=\"noopener\">feij\u00e3o<\/a> e Pulses (IBRAFE), os dados confirmam um quadro desafiador, em que a oferta limitada tende a pressionar os pre\u00e7os no mercado interno.&#13;\n<\/p>\n<p>O pico da safra ocorreu em agosto, mas j\u00e1 em setembro os novos patamares de pre\u00e7os se mostram s\u00f3lidos, indicando que os c\u00e1lculos de mercado est\u00e3o corretos. No caso do Feij\u00e3o-carioca, a expectativa \u00e9 de que os valores subam de forma significativa para reduzir o consumo. A pr\u00f3pria Companhia Nacional de Abastecimento (Conab), em sua primeira previs\u00e3o para a safra de 2026, j\u00e1 projeta redu\u00e7\u00e3o na \u00e1rea cultivada de Feij\u00e3o-cores, refletindo tamb\u00e9m os relatos do campo: a comercializa\u00e7\u00e3o de sementes foi muito abaixo do esperado.<\/p>\n<p>Nesse contexto, os produtores mais atentos t\u00eam optado por negociar de forma gradual, sem pressa em liquidar seus estoques. Essa estrat\u00e9gia ganha for\u00e7a diante da perspectiva de alta cont\u00ednua, refor\u00e7ando a import\u00e2ncia do uso do pre\u00e7o m\u00e9dio como ferramenta para mitigar riscos e garantir melhores resultados.&#13;\n<\/p>\n<p>Com menor oferta e expectativa de pre\u00e7os em ascens\u00e3o, o consumidor deve sentir os efeitos j\u00e1 nos pr\u00f3ximos meses. Para os produtores, a paci\u00eancia e a gest\u00e3o de estoques se consolidam como as principais armas em um cen\u00e1rio de incertezas, em que os movimentos do mercado tendem a favorecer quem adota uma postura de cautela e planejamento. As informa\u00e7\u00f5es foram divulgadas na \u00faltima sexta-feira.<br \/>&#13;<br \/>\n\u00a0<\/p>\n<\/p><\/div>\n<\/p><\/div>\n<p><script data-cfasync=\"false\">\n    !function (f, b, e, v, n, t, s) {\n        if (f.fbq) return; n = f.fbq = function () {\n            n.callMethod ?\n                n.callMethod.apply(n, arguments) : n.queue.push(arguments)\n        };\n        if (!f._fbq) f._fbq = n; n.push = n; n.loaded = !0; n.version = '2.0';\n        n.queue = []; t = b.createElement(e); t.async = !0;\n        t.src = v; s = b.getElementsByTagName(e)[0];\n        s.parentNode.insertBefore(t, s)\n    }(window, document, 'script',\n        'https:\/\/connect.facebook.net\/en_US\/fbevents.js');\n    fbq('init', '522546078623747');\n    fbq('track', 'PageView');\n<\/script><br \/>\n<br \/><br \/>\n<br \/><a href=\"https:\/\/www.agrolink.com.br\/noticias\/oferta-limitada-pressiona-mercado-de-feijao_506175.html\">Source link <\/a><\/p>\n","protected":false},"excerpt":{"rendered":"<p>&#13; O pico da safra ocorreu em agosto&#13; &#13; Agrolink&#13; &#13; &#8211; Leonardo Gottems&#13; &#13; Publicado em 22\/09\/2025 \u00e0s 02:30h.<\/p>\n","protected":false},"author":1,"featured_media":3865,"comment_status":"open","ping_status":"open","sticky":false,"template":"","format":"standard","meta":{"_monsterinsights_skip_tracking":false,"_monsterinsights_sitenote_active":false,"_monsterinsights_sitenote_note":"","_monsterinsights_sitenote_category":0,"_uf_show_specific_survey":0,"_uf_disable_surveys":false,"footnotes":""},"categories":[8,1,14],"tags":[],"class_list":["post-20621","post","type-post","status-publish","format-standard","has-post-thumbnail","hentry","category-agro","category-news","category-politica-agro"],"_links":{"self":[{"href":"https:\/\/agromt.news\/index.php?rest_route=\/wp\/v2\/posts\/20621"}],"collection":[{"href":"https:\/\/agromt.news\/index.php?rest_route=\/wp\/v2\/posts"}],"about":[{"href":"https:\/\/agromt.news\/index.php?rest_route=\/wp\/v2\/types\/post"}],"author":[{"embeddable":true,"href":"https:\/\/agromt.news\/index.php?rest_route=\/wp\/v2\/users\/1"}],"replies":[{"embeddable":true,"href":"https:\/\/agromt.news\/index.php?rest_route=%2Fwp%2Fv2%2Fcomments&post=20621"}],"version-history":[{"count":0,"href":"https:\/\/agromt.news\/index.php?rest_route=\/wp\/v2\/posts\/20621\/revisions"}],"wp:featuredmedia":[{"embeddable":true,"href":"https:\/\/agromt.news\/index.php?rest_route=\/wp\/v2\/media\/3865"}],"wp:attachment":[{"href":"https:\/\/agromt.news\/index.php?rest_route=%2Fwp%2Fv2%2Fmedia&parent=20621"}],"wp:term":[{"taxonomy":"category","embeddable":true,"href":"https:\/\/agromt.news\/index.php?rest_route=%2Fwp%2Fv2%2Fcategories&post=20621"},{"taxonomy":"post_tag","embeddable":true,"href":"https:\/\/agromt.news\/index.php?rest_route=%2Fwp%2Fv2%2Ftags&post=20621"}],"curies":[{"name":"wp","href":"https:\/\/api.w.org\/{rel}","templated":true}]}}