{"id":20617,"date":"2025-09-22T14:07:30","date_gmt":"2025-09-22T18:07:30","guid":{"rendered":"https:\/\/agromt.news\/?p=20617"},"modified":"2025-09-22T14:07:30","modified_gmt":"2025-09-22T18:07:30","slug":"haddad-preve-queda-dos-juros-e-melhora-na-economia-em-2026","status":"publish","type":"post","link":"https:\/\/agromt.news\/?p=20617","title":{"rendered":"Haddad prev\u00ea queda dos juros e melhora na economia em 2026"},"content":{"rendered":"<p> <br \/>\n<br \/><img decoding=\"async\" src=\"https:\/\/agromt.news\/wp-content\/uploads\/2025\/08\/Haddad-entrega-hoje-plano-contra-efeitos-do-tarifaco-dos-EUA.jpg\" \/><\/p>\n<div>\n<p>O ministro da Fazenda, Fernando Haddad, disse na manh\u00e3 desta segunda-feira (22), em S\u00e3o Paulo, que acredita que a taxa de juros deve come\u00e7ar a cair de \u201cforma consistente e sustent\u00e1vel\u201d em breve. Embora n\u00e3o tenha dado expectativas ou prazos para que isso ocorra, o ministro disse crer que, no pr\u00f3ximo ano, \u201cas coisas v\u00e3o melhorar muito\u201d.<\/p>\n<p>\u201cAcho que o juros v\u00e3o come\u00e7ar a cair e v\u00e3o cair, na minha opini\u00e3o, de forma consistente e de forma sustent\u00e1vel\u201d, refor\u00e7ou. \u201cEu n\u00e3o sei em que momento, mas em algum momento \u2500 com os indicadores de infla\u00e7\u00e3o que n\u00f3s estamos colhendo, com o d\u00f3lar no patamar que est\u00e1 e com tudo que est\u00e1 acontecendo \u2500 eu acho que as coisas v\u00e3o melhorar muito a partir do ano que vem. E eu acho que vai ser uma trajet\u00f3ria sustent\u00e1vel\u201d, acrescentou.<\/p>\n<p>Na semana passada, o Comit\u00ea de Pol\u00edtica Monet\u00e1ria (Copom) do Banco Central anunciou a manuten\u00e7\u00e3o da Taxa B\u00e1sica de Juros (Selic) em 15% ao ano. A Selic \u00e9 o principal instrumento do Banco Central para o controle da infla\u00e7\u00e3o, que \u00e9 freada com o encarecimento do cr\u00e9dito e a desacelera\u00e7\u00e3o da economia.<\/p>\n<p>No comunicado oficial, o Copom justificou a manuten\u00e7\u00e3o da Selic nesse patamar pela incerteza do ambiente externo, \u201cem fun\u00e7\u00e3o da conjuntura e da pol\u00edtica econ\u00f4mica nos Estados Unidos\u201d.<\/p>\n<p>Ao participar nesta manh\u00e3 do evento Macro Day, promovido pelo banco BTG Pactual e realizado na capital paulista, o ministro defendeu que a alta na taxa de juros n\u00e3o se refere somente \u00e0 quest\u00e3o fiscal no pa\u00eds.<\/p>\n<p>\u201cExistem outras coisas que explicam o juro no Brasil. Muitas outras coisas. O fiscal \u00e9 muito importante, mas n\u00e3o \u00e9 a \u00fanica explica\u00e7\u00e3o para esse patamar de juros\u201d, disse ele.<br \/>Ainda durante o evento, o ministro ponderou que a pol\u00edtica fiscal n\u00e3o depende s\u00f3 do Executivo, mas que tamb\u00e9m \u00e9 responsabilidade do Judici\u00e1rio e do Congresso Nacional. Haddad ressaltou ainda que \u00e9 preciso criar condi\u00e7\u00f5es pol\u00edticas para que o arcabou\u00e7o fiscal seja fortalecido.<\/p>\n<p>\u201cPara ele [arcabou\u00e7o] ser fortalecido, voc\u00ea precisa criar as condi\u00e7\u00f5es pol\u00edticas de sentar com os parlamentares e falar: \u2018n\u00f3s vamos precisar ajustar algumas regras, sen\u00e3o o arcabou\u00e7o n\u00e3o vai ser sustent\u00e1vel no longo prazo\u2019\u201d, explicou o ministro.<\/p>\n<\/p><\/div>\n<p><br \/>\n<br \/><a href=\"https:\/\/www.canalrural.com.br\/economia\/haddad-preve-queda-dos-juros-e-melhora-na-economia-em-2026\/\">Source link <\/a><\/p>\n","protected":false},"excerpt":{"rendered":"<p>O ministro da Fazenda, Fernando Haddad, disse na manh\u00e3 desta segunda-feira (22), em S\u00e3o Paulo, que acredita que a taxa<\/p>\n","protected":false},"author":1,"featured_media":20618,"comment_status":"open","ping_status":"open","sticky":false,"template":"","format":"standard","meta":{"_monsterinsights_skip_tracking":false,"_monsterinsights_sitenote_active":false,"_monsterinsights_sitenote_note":"","_monsterinsights_sitenote_category":0,"_uf_show_specific_survey":0,"_uf_disable_surveys":false,"footnotes":""},"categories":[1],"tags":[],"class_list":["post-20617","post","type-post","status-publish","format-standard","has-post-thumbnail","hentry","category-news"],"_links":{"self":[{"href":"https:\/\/agromt.news\/index.php?rest_route=\/wp\/v2\/posts\/20617"}],"collection":[{"href":"https:\/\/agromt.news\/index.php?rest_route=\/wp\/v2\/posts"}],"about":[{"href":"https:\/\/agromt.news\/index.php?rest_route=\/wp\/v2\/types\/post"}],"author":[{"embeddable":true,"href":"https:\/\/agromt.news\/index.php?rest_route=\/wp\/v2\/users\/1"}],"replies":[{"embeddable":true,"href":"https:\/\/agromt.news\/index.php?rest_route=%2Fwp%2Fv2%2Fcomments&post=20617"}],"version-history":[{"count":0,"href":"https:\/\/agromt.news\/index.php?rest_route=\/wp\/v2\/posts\/20617\/revisions"}],"wp:featuredmedia":[{"embeddable":true,"href":"https:\/\/agromt.news\/index.php?rest_route=\/wp\/v2\/media\/20618"}],"wp:attachment":[{"href":"https:\/\/agromt.news\/index.php?rest_route=%2Fwp%2Fv2%2Fmedia&parent=20617"}],"wp:term":[{"taxonomy":"category","embeddable":true,"href":"https:\/\/agromt.news\/index.php?rest_route=%2Fwp%2Fv2%2Fcategories&post=20617"},{"taxonomy":"post_tag","embeddable":true,"href":"https:\/\/agromt.news\/index.php?rest_route=%2Fwp%2Fv2%2Ftags&post=20617"}],"curies":[{"name":"wp","href":"https:\/\/api.w.org\/{rel}","templated":true}]}}