{"id":20616,"date":"2025-09-22T13:53:03","date_gmt":"2025-09-22T17:53:03","guid":{"rendered":"https:\/\/agromt.news\/?p=20616"},"modified":"2025-09-22T13:53:03","modified_gmt":"2025-09-22T17:53:03","slug":"primeira-etapa-do-plano-clima-e-concluida-agro-ve-iniciativa-com-ressalvas","status":"publish","type":"post","link":"https:\/\/agromt.news\/?p=20616","title":{"rendered":"Primeira etapa do Plano Clima \u00e9 conclu\u00edda; agro v\u00ea iniciativa com ressalvas"},"content":{"rendered":"<p> <br \/>\n<br \/><img decoding=\"async\" src=\"https:\/\/agromt.news\/wp-content\/uploads\/2024\/09\/mudancas-climaticas-suicup.jpg\" \/><\/p>\n<div>\n<p>A primeira etapa da estrat\u00e9gia de monitoramento do Plano Clima foi aprovada na \u00faltima semana pelo Minist\u00e9rio do Meio Ambiente e Mudan\u00e7a do Clima (<a href=\"https:\/\/www.canalrural.com.br\/tag\/mma\/\">MMA<\/a>). De acordo com a pasta, a estrat\u00e9gia busca organizar a gest\u00e3o, avalia\u00e7\u00e3o e transpar\u00eancia do programa. Tamb\u00e9m permite que a sociedade acompanhe os resultados e a efetividade das pol\u00edticas de adapta\u00e7\u00e3o e mitiga\u00e7\u00e3o \u00e0s mudan\u00e7as clim\u00e1ticas.<\/p>\n<p>Especialistas e o agroneg\u00f3cio, no entanto, defendem que o plano precisa ser revisto. A Sociedade Rural Brasileira (<a href=\"https:\/\/www.canalrural.com.br\/tag\/srb\/\">SRB<\/a>), por exemplo, ressalta que o modelo atual n\u00e3o considera adequadamente o setor produtivo. A entidade, inclusive, j\u00e1 manifestou preocupa\u00e7\u00e3o com o tema por meio de consultas p\u00fablicas e notas t\u00e9cnicas.<\/p>\n<p>\u201cO Plano Clima precisa ser pautado em consenso t\u00e9cnico, clareza metodol\u00f3gica e alinhamento pol\u00edtico, para garantir sua efetividade e proteger a competitividade do agro brasileiro nos mercados globais\u201d, afirma S\u00e9rgio Bortolozzo, presidente da SRB.<\/p>\n<p>Segundo a entidade, a proposta atual altera significativamente a l\u00f3gica do Invent\u00e1rio Nacional de Emiss\u00f5es de Gases de Efeito Estufa (INGEE), ao transferir para o setor agropecu\u00e1rio a responsabilidade pelas emiss\u00f5es de desmatamento em propriedades rurais \u2014 cerca de 70% das emiss\u00f5es ligadas a mudan\u00e7as de uso da terra.<\/p>\n<h3 class=\"wp-block-heading\" id=\"h-aprimoramentos-para-o-plano-clima\"><strong>Aprimoramentos para o Plano Clima<\/strong><\/h3>\n<p>O novo <a href=\"https:\/\/www.canalrural.com.br\/tag\/plano-clima\/\">Plano Clima<\/a> proposto para consulta p\u00fablica tem gerado debates sobre a pol\u00edtica que dever\u00e1 orientar a descarboniza\u00e7\u00e3o da economia na pr\u00f3xima d\u00e9cada. Por defini\u00e7\u00e3o, deve reunir todas as a\u00e7\u00f5es setoriais visando chegar em 2035 a um teto de emiss\u00f5es entre 1,05 Gton CO2eq e 850 milh\u00f5es de ton CO2eq. As defini\u00e7\u00f5es s\u00e3o estabelecidas conforme a Contribui\u00e7\u00e3o Nacionalmente Determinada (NDC).<\/p>\n<p>Na pr\u00e1tica, o Plano pretende orientar pol\u00edticas em todos os setores da economia, direcionar financiamentos e monitorar resultados de mitiga\u00e7\u00e3o e adapta\u00e7\u00e3o. Trata-se de uma pol\u00edtica nacional negociada entre setores produtivos, com atribui\u00e7\u00e3o de responsabilidades e metas alinhadas \u00e0 NDC, considerando desenvolvimento sustent\u00e1vel, transi\u00e7\u00e3o energ\u00e9tica e seguran\u00e7a alimentar.<\/p>\n<h3 class=\"wp-block-heading\" id=\"h-avaliacao-do-especialista-avancos-e-desafios\"><strong>Avalia\u00e7\u00e3o do especialista: avan\u00e7os e desafios<\/strong><\/h3>\n<p>Para Rodrigo Lima, s\u00f3cio-diretor da Agroicone, embora o Plano apresente avan\u00e7os, ele ainda precisa de ajustes estrat\u00e9gicos. Ele elogia a separa\u00e7\u00e3o da contabilidade das emiss\u00f5es de desmatamento por categorias fundi\u00e1rias. Por\u00e9m, alerta que faltam detalhes sobre custos e recursos para viabilizar metas como desmatamento ilegal zero at\u00e9 2030 e restaura\u00e7\u00e3o de milh\u00f5es de hectares de florestas. <\/p>\n<p>\u201cO Plano Clima \u00e9 positivo, mas depende de planejamento detalhado e recursos que v\u00e3o al\u00e9m do or\u00e7amento corrente. Sem isso, sua efetividade e credibilidade internacional podem ser comprometidas\u201d, afirma.<\/p>\n<p>Al\u00e9m disso, Lima recomenda manter a gest\u00e3o e contabilidade do desmatamento no setor de uso da terra e fortalecer o pilar de mobiliza\u00e7\u00e3o de recursos financeiros, garantindo que o plano funcione como ferramenta central para o desenvolvimento de baixa emiss\u00e3o de carbono.<\/p>\n<\/p><\/div>\n<p><br \/>\n<br \/><a href=\"https:\/\/www.canalrural.com.br\/sustentabilidade\/primeira-etapa-do-plano-clima-e-concluida-agro-ve-iniciativa-com-ressalvas\/\">Source link <\/a><\/p>\n","protected":false},"excerpt":{"rendered":"<p>A primeira etapa da estrat\u00e9gia de monitoramento do Plano Clima foi aprovada na \u00faltima semana pelo Minist\u00e9rio do Meio Ambiente<\/p>\n","protected":false},"author":1,"featured_media":1522,"comment_status":"open","ping_status":"open","sticky":false,"template":"","format":"standard","meta":{"_monsterinsights_skip_tracking":false,"_monsterinsights_sitenote_active":false,"_monsterinsights_sitenote_note":"","_monsterinsights_sitenote_category":0,"_uf_show_specific_survey":0,"_uf_disable_surveys":false,"footnotes":""},"categories":[1],"tags":[],"class_list":["post-20616","post","type-post","status-publish","format-standard","has-post-thumbnail","hentry","category-news"],"_links":{"self":[{"href":"https:\/\/agromt.news\/index.php?rest_route=\/wp\/v2\/posts\/20616"}],"collection":[{"href":"https:\/\/agromt.news\/index.php?rest_route=\/wp\/v2\/posts"}],"about":[{"href":"https:\/\/agromt.news\/index.php?rest_route=\/wp\/v2\/types\/post"}],"author":[{"embeddable":true,"href":"https:\/\/agromt.news\/index.php?rest_route=\/wp\/v2\/users\/1"}],"replies":[{"embeddable":true,"href":"https:\/\/agromt.news\/index.php?rest_route=%2Fwp%2Fv2%2Fcomments&post=20616"}],"version-history":[{"count":0,"href":"https:\/\/agromt.news\/index.php?rest_route=\/wp\/v2\/posts\/20616\/revisions"}],"wp:featuredmedia":[{"embeddable":true,"href":"https:\/\/agromt.news\/index.php?rest_route=\/wp\/v2\/media\/1522"}],"wp:attachment":[{"href":"https:\/\/agromt.news\/index.php?rest_route=%2Fwp%2Fv2%2Fmedia&parent=20616"}],"wp:term":[{"taxonomy":"category","embeddable":true,"href":"https:\/\/agromt.news\/index.php?rest_route=%2Fwp%2Fv2%2Fcategories&post=20616"},{"taxonomy":"post_tag","embeddable":true,"href":"https:\/\/agromt.news\/index.php?rest_route=%2Fwp%2Fv2%2Ftags&post=20616"}],"curies":[{"name":"wp","href":"https:\/\/api.w.org\/{rel}","templated":true}]}}