{"id":20611,"date":"2025-09-22T12:41:45","date_gmt":"2025-09-22T16:41:45","guid":{"rendered":"https:\/\/agromt.news\/?p=20611"},"modified":"2025-09-22T12:41:45","modified_gmt":"2025-09-22T16:41:45","slug":"congresso-na-embrapa-soja-debatera-agricultura-de-baixa-emissao-de-carbono","status":"publish","type":"post","link":"https:\/\/agromt.news\/?p=20611","title":{"rendered":"Congresso na Embrapa Soja debater\u00e1 agricultura de baixa emiss\u00e3o de carbono"},"content":{"rendered":"<p> <br \/>\n<br \/><img decoding=\"async\" src=\"https:\/\/agromt.news\/wp-content\/uploads\/2025\/09\/Congresso-na-Embrapa-Soja-debatera-agricultura-de-baixa-emissao-de.jpg\" \/><\/p>\n<div>\n<p>As a\u00e7\u00f5es de mitiga\u00e7\u00e3o aos efeitos das <a href=\"https:\/\/www.canalrural.com.br\/?s=mudan%C3%A7as+clim%C3%A1ticas+\">mudan\u00e7as clim\u00e1ticas <\/a>para a agricultura paranaense estar\u00e3o no centro das discuss\u00f5es do 3\u00b0 Congresso Paranaense de Agricultura de Baixa Emiss\u00e3o de Carbono, que come\u00e7a amanh\u00e3 (23), \u00e0s 8h, na sede da <a href=\"https:\/\/www.embrapa.br\/soja\">Embrapa Soja<\/a>, em Londrina (PR). <\/p>\n<ul class=\"wp-block-list\">\n<li><strong><em>Fique por dentro das novidades e not\u00edcias recentes sobre a soja! Participe da nossa comunidade atrav\u00e9s do\u00a0<a href=\"https:\/\/chat.whatsapp.com\/BmMRwA0TZ2DHGyhzoaVEWu\">link<\/a>! \ud83c\udf31<\/em><\/strong><\/li>\n<\/ul>\n<p>O evento, que segue at\u00e9 quarta-feira (24), das 8h \u00e0s 18h, \u00e9 uma iniciativa do Grupo Gestor do Programa ABC+ do Paran\u00e1 e est\u00e1 sendo promovido pela Secretaria da Agricultura e do Abastecimento do Paran\u00e1, Instituto de Desenvolvimento Rural do Paran\u00e1 (IDR-Paran\u00e1), Federa\u00e7\u00e3o dos Engenheiros Agr\u00f4nomos do Paran\u00e1, CS Consultoria Ambiental, Federa\u00e7\u00e3o Brasileira do Sistema Plantio Direto, Associa\u00e7\u00e3o dos Engenheiros Agr\u00f4nomos de Londrina, Clube de Engenharia e Arquitetura de Londrina e Embrapa.<\/p>\n<p>\u201cNosso objetivo \u00e9 atualizar os participantes sobre iniciativas de adapta\u00e7\u00e3o e de mitiga\u00e7\u00e3o \u00e0s mudan\u00e7as clim\u00e1ticas para a agricultura no Paran\u00e1. Neste sentido, estamos trazendo especialistas para apresentar e discutir temas relevantes para t\u00e9cnicos e produtores agropecu\u00e1rios, assim como compartilhar as iniciativas e as a\u00e7\u00f5es que v\u00eam sendo realizadas no Paran\u00e1\u201d, afirma a chefe de Pesquisa e Desenvolvimento da Embrapa Soja, Roberta Carnevalli.<\/p>\n<h3 class=\"wp-block-heading\" id=\"h-programacao-do-congresso\">Programa\u00e7\u00e3o do congresso <\/h3>\n<p>A programa\u00e7\u00e3o do primeiro dia, 23 de setembro, ser\u00e1 aberta pela manh\u00e3 com palestra sobre a Confer\u00eancia das Partes (COPs), seguida do painel sobre a conjuntura das negocia\u00e7\u00f5es da COP, com discuss\u00f5es sobre os avan\u00e7os e necessidades da COP 29 para o setor agr\u00edcola, expectativas para a COP 30 e estrat\u00e9gias para fortalecer a imagem da agricultura sustent\u00e1vel brasileira. <\/p>\n<p>\u00c0 tarde, entre 14h e 16h, o painel sobre mercado de carbono tratar\u00e1 do papel do Sistema Plantio Direto na restaura\u00e7\u00e3o do estoque de carbono do solo e das pol\u00edticas p\u00fablicas necess\u00e1rias para sustentar o setor agropecu\u00e1rio. Encerrando o dia, das 16h \u00e0s 18h, o painel sobre carbono na produ\u00e7\u00e3o agropecu\u00e1ria abordar\u00e1 as pr\u00e1ticas de agricultura, pecu\u00e1ria e floresta de baixo carbono, destacando t\u00e9cnicas de sequestro e redu\u00e7\u00e3o de emiss\u00f5es ao n\u00edvel de fazenda.<\/p>\n<p>Na quarta-feira, 24 de setembro, as atividades come\u00e7am \u00e0s 8h com o painel sobre o carbono no mercado financeiro, com an\u00e1lises dos cen\u00e1rios internacional e nacional. Em seguida, entre 10h e 12h, haver\u00e1 discuss\u00f5es sobre movimenta\u00e7\u00f5es financeiras baseadas em carbono, incluindo oportunidades em linhas de cr\u00e9dito, seguros agr\u00edcolas e investimentos em fundos de carbono. <\/p>\n<p>No per\u00edodo da tarde, das 14h \u00e0s 17h40, o congresso se dedica ao papel dos biocombust\u00edveis na agricultura de baixa emiss\u00e3o de carbono, tratando dos desafios e oportunidades, da pol\u00edtica brasileira RenovaBio e das perspectivas de mercado para o setor.<\/p>\n<\/p><\/div>\n<p><br \/>\n<br \/><a href=\"https:\/\/www.canalrural.com.br\/sustentabilidade\/congresso-na-embrapa-soja-debatera-agricultura-de-baixa-emissao-de-carbono\/\">Source link <\/a><\/p>\n","protected":false},"excerpt":{"rendered":"<p>As a\u00e7\u00f5es de mitiga\u00e7\u00e3o aos efeitos das mudan\u00e7as clim\u00e1ticas para a agricultura paranaense estar\u00e3o no centro das discuss\u00f5es do 3\u00b0<\/p>\n","protected":false},"author":1,"featured_media":20612,"comment_status":"open","ping_status":"open","sticky":false,"template":"","format":"standard","meta":{"_monsterinsights_skip_tracking":false,"_monsterinsights_sitenote_active":false,"_monsterinsights_sitenote_note":"","_monsterinsights_sitenote_category":0,"_uf_show_specific_survey":0,"_uf_disable_surveys":false,"footnotes":""},"categories":[1],"tags":[],"class_list":["post-20611","post","type-post","status-publish","format-standard","has-post-thumbnail","hentry","category-news"],"_links":{"self":[{"href":"https:\/\/agromt.news\/index.php?rest_route=\/wp\/v2\/posts\/20611"}],"collection":[{"href":"https:\/\/agromt.news\/index.php?rest_route=\/wp\/v2\/posts"}],"about":[{"href":"https:\/\/agromt.news\/index.php?rest_route=\/wp\/v2\/types\/post"}],"author":[{"embeddable":true,"href":"https:\/\/agromt.news\/index.php?rest_route=\/wp\/v2\/users\/1"}],"replies":[{"embeddable":true,"href":"https:\/\/agromt.news\/index.php?rest_route=%2Fwp%2Fv2%2Fcomments&post=20611"}],"version-history":[{"count":0,"href":"https:\/\/agromt.news\/index.php?rest_route=\/wp\/v2\/posts\/20611\/revisions"}],"wp:featuredmedia":[{"embeddable":true,"href":"https:\/\/agromt.news\/index.php?rest_route=\/wp\/v2\/media\/20612"}],"wp:attachment":[{"href":"https:\/\/agromt.news\/index.php?rest_route=%2Fwp%2Fv2%2Fmedia&parent=20611"}],"wp:term":[{"taxonomy":"category","embeddable":true,"href":"https:\/\/agromt.news\/index.php?rest_route=%2Fwp%2Fv2%2Fcategories&post=20611"},{"taxonomy":"post_tag","embeddable":true,"href":"https:\/\/agromt.news\/index.php?rest_route=%2Fwp%2Fv2%2Ftags&post=20611"}],"curies":[{"name":"wp","href":"https:\/\/api.w.org\/{rel}","templated":true}]}}