{"id":20610,"date":"2025-09-22T12:27:24","date_gmt":"2025-09-22T16:27:24","guid":{"rendered":"https:\/\/agromt.news\/?p=20610"},"modified":"2025-09-22T12:27:24","modified_gmt":"2025-09-22T16:27:24","slug":"uniao-europeia-libera-retomada-das-importacoes-de-carne-de-frango-do-brasil","status":"publish","type":"post","link":"https:\/\/agromt.news\/?p=20610","title":{"rendered":"Uni\u00e3o Europeia libera retomada das importa\u00e7\u00f5es de carne de frango do Brasil"},"content":{"rendered":"<p> <br \/>\n<br \/><img decoding=\"async\" src=\"https:\/\/agromt.news\/wp-content\/uploads\/2025\/07\/Exportacao-de-carne-de-frango-cresce-05-no-primeiro-semestre.jpg\" \/><\/p>\n<div>\n<p>A partir desta ter\u00e7a-feira (23), o Brasil retoma as exporta\u00e7\u00f5es de carne de frango e de peru para a Uni\u00e3o Europeia. O bloco autorizou a volta das compras ap\u00f3s suspender as importa\u00e7\u00f5es em maio, quando foi registrado um foco isolado de influenza avi\u00e1ria no Rio Grande do Sul. Segundo o Minist\u00e9rio da Agricultura e Pecu\u00e1ria (<a href=\"https:\/\/www.canalrural.com.br\/tag\/mapa\/\">Mapa<\/a>), a medida confirma a recupera\u00e7\u00e3o do status sanit\u00e1rio do pa\u00eds.<\/p>\n<p>Em nota, a Associa\u00e7\u00e3o Brasileira de Prote\u00edna Animal (<a href=\"https:\/\/www.canalrural.com.br\/tag\/abpa\/\">ABPA<\/a>) celebrou a reabertura para o mercado europeu. \u201cO an\u00fancio \u00e9 a confirma\u00e7\u00e3o de um trabalho de alta efici\u00eancia realizado pelo Mapa, em um amplo esfor\u00e7o para a consolida\u00e7\u00e3o das negocia\u00e7\u00f5es pelo restabelecimento deste que \u00e9 um dos mais relevantes destinos da carne de frango do Brasil\u201d, diz.<\/p>\n<p>Na pr\u00e1tica, a retomada das exporta\u00e7\u00f5es ocorre de forma escalonada, mas j\u00e1 vale para produtos brasileiros com data de produ\u00e7\u00e3o a partir de 18 de setembro. O comunicado do minist\u00e9rio refor\u00e7a tamb\u00e9m que a libera\u00e7\u00e3o \u00e9 resultado da r\u00e1pida conten\u00e7\u00e3o do foco da doen\u00e7a. Diz tamb\u00e9m que o reconhecimento do bloco reafirma a posi\u00e7\u00e3o do Brasil como maior exportador mundial de carne de frango.<\/p>\n<h3 class=\"wp-block-heading\" id=\"h-reabertura-total-sera-feita-de-forma-gradual\">Reabertura total ser\u00e1 feita de forma gradual<\/h3>\n<p>Embora a medida abranja todo o territ\u00f3rio nacional, ainda n\u00e3o h\u00e1 libera\u00e7\u00e3o para a prote\u00edna vinda do Rio Grande do Sul. Nesse caso, o estado, exceto a \u00e1rea onde o foco de gripe avi\u00e1ria foi confirmado, poder\u00e1 voltar a exportar a partir de 2 de outubro. J\u00e1 em rela\u00e7\u00e3o \u00e0 zona de 10 km em torno da granja afetada, a retomada s\u00f3 ocorrer\u00e1 em 16 de outubro.<\/p>\n<p>Com a oficializa\u00e7\u00e3o da reabertura, a ABPA projeta que as exporta\u00e7\u00f5es brasileiras retornem aos patamares anteriores \u00e0 suspens\u00e3o. Al\u00e9m disso, a entidade aponta a possibilidade de incremento nos embarques devido \u00e0 demanda reprimida no per\u00edodo.<\/p>\n<p>A associa\u00e7\u00e3o lembra ainda que, no intervalo entre janeiro e maio, quando foi registrada a ocorr\u00eancia de gripe avi\u00e1ria, os embarques de carne de frango para a <a href=\"https:\/\/www.canalrural.com.br\/tag\/uniao-europeia\/\">Uni\u00e3o Europeia<\/a> somaram 125,3 mil toneladas, volume 20,8% maior que o de 2024. No mesmo per\u00edodo, a receita alcan\u00e7ou US$ 386,3 milh\u00f5es, alta de 38% em rela\u00e7\u00e3o ao ano anterior.<\/p>\n<h3 class=\"wp-block-heading\" id=\"h-perspectivas-a-partir-da-reabertura-olho-na-china\">Perspectivas a partir da reabertura: olho na China<\/h3>\n<p>De janeiro a agosto de 2025, o Brasil exportou 3,28 milh\u00f5es de toneladas de carne de frango. Em receita, foram gerados US$ 6,15 bilh\u00f5es. <\/p>\n<p>Paralelamente \u00e0 decis\u00e3o europeia, teve in\u00edcio a audit\u00f3ria da <a href=\"https:\/\/www.canalrural.com.br\/tag\/china\/\">China<\/a> no Brasil para avaliar os controles sanit\u00e1rios relacionais \u00e0 influenza avi\u00e1ria. Na avalia\u00e7\u00e3o do Mapa, essa miss\u00e3o t\u00e9cnica faz parte de uma etapa essencial para a retomada dos embarques ao mercado chin\u00eas, que agora \u00e9 o \u00faltimo grande destino a manter restri\u00e7\u00f5es contra a carne de frango brasileira.<\/p>\n<\/p><\/div>\n<p><br \/>\n<br \/><a href=\"https:\/\/www.canalrural.com.br\/economia\/uniao-europeia-libera-retomada-das-importacoes-de-carne-de-frango-do-brasil\/\">Source link <\/a><\/p>\n","protected":false},"excerpt":{"rendered":"<p>A partir desta ter\u00e7a-feira (23), o Brasil retoma as exporta\u00e7\u00f5es de carne de frango e de peru para a Uni\u00e3o<\/p>\n","protected":false},"author":1,"featured_media":16308,"comment_status":"open","ping_status":"open","sticky":false,"template":"","format":"standard","meta":{"_monsterinsights_skip_tracking":false,"_monsterinsights_sitenote_active":false,"_monsterinsights_sitenote_note":"","_monsterinsights_sitenote_category":0,"_uf_show_specific_survey":0,"_uf_disable_surveys":false,"footnotes":""},"categories":[1],"tags":[],"class_list":["post-20610","post","type-post","status-publish","format-standard","has-post-thumbnail","hentry","category-news"],"_links":{"self":[{"href":"https:\/\/agromt.news\/index.php?rest_route=\/wp\/v2\/posts\/20610"}],"collection":[{"href":"https:\/\/agromt.news\/index.php?rest_route=\/wp\/v2\/posts"}],"about":[{"href":"https:\/\/agromt.news\/index.php?rest_route=\/wp\/v2\/types\/post"}],"author":[{"embeddable":true,"href":"https:\/\/agromt.news\/index.php?rest_route=\/wp\/v2\/users\/1"}],"replies":[{"embeddable":true,"href":"https:\/\/agromt.news\/index.php?rest_route=%2Fwp%2Fv2%2Fcomments&post=20610"}],"version-history":[{"count":0,"href":"https:\/\/agromt.news\/index.php?rest_route=\/wp\/v2\/posts\/20610\/revisions"}],"wp:featuredmedia":[{"embeddable":true,"href":"https:\/\/agromt.news\/index.php?rest_route=\/wp\/v2\/media\/16308"}],"wp:attachment":[{"href":"https:\/\/agromt.news\/index.php?rest_route=%2Fwp%2Fv2%2Fmedia&parent=20610"}],"wp:term":[{"taxonomy":"category","embeddable":true,"href":"https:\/\/agromt.news\/index.php?rest_route=%2Fwp%2Fv2%2Fcategories&post=20610"},{"taxonomy":"post_tag","embeddable":true,"href":"https:\/\/agromt.news\/index.php?rest_route=%2Fwp%2Fv2%2Ftags&post=20610"}],"curies":[{"name":"wp","href":"https:\/\/api.w.org\/{rel}","templated":true}]}}