{"id":20609,"date":"2025-09-22T12:13:48","date_gmt":"2025-09-22T16:13:48","guid":{"rendered":"https:\/\/agromt.news\/?p=20609"},"modified":"2025-09-22T12:13:48","modified_gmt":"2025-09-22T16:13:48","slug":"estiagem-dificulta-colheita-de-mandioca","status":"publish","type":"post","link":"https:\/\/agromt.news\/?p=20609","title":{"rendered":"Estiagem dificulta colheita de mandioca"},"content":{"rendered":"<p> <br \/>\n<br \/><img decoding=\"async\" src=\"https:\/\/agromt.news\/wp-content\/uploads\/2025\/06\/Mandioca-segue-recuando-pela-terceira-semana-consecutiva.jpg\" \/><\/p>\n<div>\n<p>A aus\u00eancia de chuvas por mais uma semana limitou os trabalhos no campo em diversas regi\u00f5es. Assim, pesquisadores do <a href=\"https:\/\/www.canalrural.com.br\/tag\/cepea\/\">Centro de Estudos Avan\u00e7ados em Economia Aplicada (Cepea)<\/a>, observaram a interrup\u00e7\u00e3o da colheita de raiz de mandioca.\u00a0<\/p>\n<p>Al\u00e9m disso, diante da expectativa de novas altas e da busca de maior rentabilidade, muitos produtores reduziram as entregas.\u00a0<\/p>\n<p>Do lado da demanda, houve sinais de melhoras na procura por novos lotes. Nesse cen\u00e1rio, os pre\u00e7os da mat\u00e9ria-prima tiveram novo impulso. Para a f\u00e9cula, a movimenta\u00e7\u00e3o no mercado esteve maior ao longo da semana passada, com crescimento no volume de neg\u00f3cios e valoriza\u00e7\u00f5es mais expressivas.<\/p>\n<p>Compradores, inclusive, j\u00e1 demonstraram interesse em garantir volumes para os pr\u00f3ximos meses. Quanto \u00e0s farinhas, o mercado registrou forte aumento da procura, com compradores buscando maiores lotes do derivado.\u00a0<\/p>\n<p>No entanto, diante da baixa oferta de mat\u00e9ria-prima e das incertezas quanto ao comportamento dos pre\u00e7os, algumas empresas limitaram as vendas.<\/p>\n<p><em>*Sob supervis\u00e3o de Luis Roberto Toledo<\/em><\/p>\n<\/p><\/div>\n<p><br \/>\n<br \/><a href=\"https:\/\/www.canalrural.com.br\/agricultura\/estiagem-dificulta-colheita-de-mandioca\/\">Source link <\/a><\/p>\n","protected":false},"excerpt":{"rendered":"<p>A aus\u00eancia de chuvas por mais uma semana limitou os trabalhos no campo em diversas regi\u00f5es. Assim, pesquisadores do Centro<\/p>\n","protected":false},"author":1,"featured_media":14821,"comment_status":"open","ping_status":"open","sticky":false,"template":"","format":"standard","meta":{"_monsterinsights_skip_tracking":false,"_monsterinsights_sitenote_active":false,"_monsterinsights_sitenote_note":"","_monsterinsights_sitenote_category":0,"_uf_show_specific_survey":0,"_uf_disable_surveys":false,"footnotes":""},"categories":[1],"tags":[],"class_list":["post-20609","post","type-post","status-publish","format-standard","has-post-thumbnail","hentry","category-news"],"_links":{"self":[{"href":"https:\/\/agromt.news\/index.php?rest_route=\/wp\/v2\/posts\/20609"}],"collection":[{"href":"https:\/\/agromt.news\/index.php?rest_route=\/wp\/v2\/posts"}],"about":[{"href":"https:\/\/agromt.news\/index.php?rest_route=\/wp\/v2\/types\/post"}],"author":[{"embeddable":true,"href":"https:\/\/agromt.news\/index.php?rest_route=\/wp\/v2\/users\/1"}],"replies":[{"embeddable":true,"href":"https:\/\/agromt.news\/index.php?rest_route=%2Fwp%2Fv2%2Fcomments&post=20609"}],"version-history":[{"count":0,"href":"https:\/\/agromt.news\/index.php?rest_route=\/wp\/v2\/posts\/20609\/revisions"}],"wp:featuredmedia":[{"embeddable":true,"href":"https:\/\/agromt.news\/index.php?rest_route=\/wp\/v2\/media\/14821"}],"wp:attachment":[{"href":"https:\/\/agromt.news\/index.php?rest_route=%2Fwp%2Fv2%2Fmedia&parent=20609"}],"wp:term":[{"taxonomy":"category","embeddable":true,"href":"https:\/\/agromt.news\/index.php?rest_route=%2Fwp%2Fv2%2Fcategories&post=20609"},{"taxonomy":"post_tag","embeddable":true,"href":"https:\/\/agromt.news\/index.php?rest_route=%2Fwp%2Fv2%2Ftags&post=20609"}],"curies":[{"name":"wp","href":"https:\/\/api.w.org\/{rel}","templated":true}]}}