{"id":20605,"date":"2025-09-22T11:28:32","date_gmt":"2025-09-22T15:28:32","guid":{"rendered":"https:\/\/agromt.news\/?p=20605"},"modified":"2025-09-22T11:28:32","modified_gmt":"2025-09-22T15:28:32","slug":"feijao-tem-alta-de-precos-generalizada-entre-as-variedades","status":"publish","type":"post","link":"https:\/\/agromt.news\/?p=20605","title":{"rendered":"Feij\u00e3o tem alta de pre\u00e7os generalizada entre as variedades"},"content":{"rendered":"<p> <br \/>\n<br \/><img decoding=\"async\" src=\"https:\/\/agromt.news\/wp-content\/uploads\/2024\/11\/clima-favorece-a-colheita-e-oferta-de-grao-de-maior.jpg\" \/><\/p>\n<div>\n<p>Os pre\u00e7os dos feij\u00f5es carioca e preto est\u00e3o em alta generalizada. Isso \u00e9 o que apontam os levantamentos do <a href=\"https:\/\/www.canalrural.com.br\/tag\/cepea\/\">Centro de Estudos Avan\u00e7ados em Economia Aplicada (Cepea).<\/a><\/p>\n<p>Segundo pesquisadores, para o gr\u00e3o carioca notas 9 ou superior, o impulso vem da procura aquecida e tamb\u00e9m da posi\u00e7\u00e3o firme de produtores, que buscam negociar novos lotes a valores maiores. Al\u00e9m disso, a oferta de gr\u00e3os com padr\u00e3o superior est\u00e1 menor.<\/p>\n<p>No caso do feij\u00e3o preto do tipo 1, o mercado foi sustentado pela necessidade de demandantes de repor estoques em meio ao per\u00edodo de entressafra.<\/p>\n<p>Apesar da rea\u00e7\u00e3o, os valores do gr\u00e3o preto seguem pr\u00f3ximos ou ligeiramente abaixo das m\u00e9dias hist\u00f3ricas do Cepea. No campo, a colheita da terceira safra 2024\/25 segue na reta final, e produtores j\u00e1 est\u00e3o semeando o primeiro ciclo de 2025\/26.<\/p>\n<p><em>*Sob supervis\u00e3o de Luis Roberto Toledo<\/em><\/p>\n<\/p><\/div>\n<p><br \/>\n<br \/><a href=\"https:\/\/www.canalrural.com.br\/agricultura\/feijao-tem-alta-de-precos-generalizada-entre-as-variedades\/\">Source link <\/a><\/p>\n","protected":false},"excerpt":{"rendered":"<p>Os pre\u00e7os dos feij\u00f5es carioca e preto est\u00e3o em alta generalizada. Isso \u00e9 o que apontam os levantamentos do Centro<\/p>\n","protected":false},"author":1,"featured_media":20606,"comment_status":"open","ping_status":"open","sticky":false,"template":"","format":"standard","meta":{"_monsterinsights_skip_tracking":false,"_monsterinsights_sitenote_active":false,"_monsterinsights_sitenote_note":"","_monsterinsights_sitenote_category":0,"_uf_show_specific_survey":0,"_uf_disable_surveys":false,"footnotes":""},"categories":[1],"tags":[],"class_list":["post-20605","post","type-post","status-publish","format-standard","has-post-thumbnail","hentry","category-news"],"_links":{"self":[{"href":"https:\/\/agromt.news\/index.php?rest_route=\/wp\/v2\/posts\/20605"}],"collection":[{"href":"https:\/\/agromt.news\/index.php?rest_route=\/wp\/v2\/posts"}],"about":[{"href":"https:\/\/agromt.news\/index.php?rest_route=\/wp\/v2\/types\/post"}],"author":[{"embeddable":true,"href":"https:\/\/agromt.news\/index.php?rest_route=\/wp\/v2\/users\/1"}],"replies":[{"embeddable":true,"href":"https:\/\/agromt.news\/index.php?rest_route=%2Fwp%2Fv2%2Fcomments&post=20605"}],"version-history":[{"count":0,"href":"https:\/\/agromt.news\/index.php?rest_route=\/wp\/v2\/posts\/20605\/revisions"}],"wp:featuredmedia":[{"embeddable":true,"href":"https:\/\/agromt.news\/index.php?rest_route=\/wp\/v2\/media\/20606"}],"wp:attachment":[{"href":"https:\/\/agromt.news\/index.php?rest_route=%2Fwp%2Fv2%2Fmedia&parent=20605"}],"wp:term":[{"taxonomy":"category","embeddable":true,"href":"https:\/\/agromt.news\/index.php?rest_route=%2Fwp%2Fv2%2Fcategories&post=20605"},{"taxonomy":"post_tag","embeddable":true,"href":"https:\/\/agromt.news\/index.php?rest_route=%2Fwp%2Fv2%2Ftags&post=20605"}],"curies":[{"name":"wp","href":"https:\/\/api.w.org\/{rel}","templated":true}]}}