{"id":20603,"date":"2025-09-22T11:15:00","date_gmt":"2025-09-22T15:15:00","guid":{"rendered":"https:\/\/agromt.news\/?p=20603"},"modified":"2025-09-22T11:15:00","modified_gmt":"2025-09-22T15:15:00","slug":"lula-na-onu-vai-focar-em-democracia-soberania-paz-fome-clima-e-tarifaco-de-trump","status":"publish","type":"post","link":"https:\/\/agromt.news\/?p=20603","title":{"rendered":"Lula na ONU vai focar em democracia, soberania, paz, fome, clima e tarifa\u00e7o de Trump"},"content":{"rendered":"<p> <br \/>\n<\/p>\n<div>\n<p>Nesta ter\u00e7a-feira (23), em Nova York, o presidente <strong><a href=\"http:\/\/www.canalrural.com.br\/tag\/lula\/\">Luiz In\u00e1cio Lula da Silva<\/a><\/strong> abre oficialmente o Debate Geral da 80\u00aa Assembleia-Geral da Organiza\u00e7\u00e3o das Na\u00e7\u00e3o Unidas (ONU), tradi\u00e7\u00e3o que o Brasil cumpre h\u00e1 d\u00e9cadas. O discurso deve girar em torno dos eixos centrais:\u00a0<strong>defesa da soberania<\/strong>, <strong>tarifas,\u00a0compromisso clim\u00e1tico<\/strong>,\u00a0<strong>combate \u00e0 fome<\/strong>\u00a0e\u00a0<strong>agenda de paz<\/strong>.<\/p>\n<p>O pano de fundo inevit\u00e1vel \u00e9 o\u00a0<strong>tarifa\u00e7o de 50% imposto por Donald Trump contra exporta\u00e7\u00f5es brasileiras<\/strong>, que Lula deve transformar em s\u00edmbolo de como pol\u00edticas unilaterais enfraquecem o multilateralismo e encarecem os alimentos no mundo. A mensagem esperada: \u201csoberania n\u00e3o se negocia\u201d e tarifas n\u00e3o podem ser arma de disputa pol\u00edtica.<\/p>\n<p>Outro ponto de destaque ser\u00e1 o\u00a0<strong>clima<\/strong>. Lula pretende usar a vitrine da ONU para projetar a COP30, que o Brasil sediar\u00e1 em Bel\u00e9m em 2025, como palco de lideran\u00e7a global. O desafio \u00e9 provar coer\u00eancia: mostrar metas claras e resultados concretos, sob pena de o discurso soar vazio diante das cobran\u00e7as internacionais.<\/p>\n<p>No eixo social, o presidente deve vincular a luta contra a\u00a0<strong>fome<\/strong>\u00a0\u00e0 necessidade de\u00a0<strong>facilitar o com\u00e9rcio internacional<\/strong>\u00a0e garantir financiamento clim\u00e1tico. A l\u00f3gica \u00e9 simples: barreiras e tarifas elevam pre\u00e7os, travam o acesso e penalizam os mais pobres.<\/p>\n<p>Mas \u00e9 na pauta da\u00a0<strong>paz<\/strong>\u00a0que Lula tamb\u00e9m buscar\u00e1 protagonismo. O Brasil deve cobrar um\u00a0<strong>cessar-fogo imediato em Gaza<\/strong>, com foco em ajuda humanit\u00e1ria e reconstru\u00e7\u00e3o, al\u00e9m de refor\u00e7ar a necessidade de\u00a0<strong>negocia\u00e7\u00f5es de paz na Ucr\u00e2nia<\/strong>, sustentando a posi\u00e7\u00e3o hist\u00f3rica de que a guerra n\u00e3o ter\u00e1 vencedores e s\u00f3 o di\u00e1logo diplom\u00e1tico pode encerrar o conflito.<\/p>\n<p>Por fim, Lula deve reiterar o pedido de\u00a0<strong>reforma da ONU<\/strong>, especialmente do Conselho de Seguran\u00e7a, para incluir pa\u00edses da Am\u00e9rica Latina e da \u00c1frica. Trata-se de um discurso de prest\u00edgio, que busca colocar o Brasil como protagonista em um mundo em crise.<\/p>\n<p>O risco para Lula \u00e9 escorregar na ret\u00f3rica anti-EUA sem apresentar propostas pr\u00e1ticas. Se conseguir transformar o tarifa\u00e7o em debate multilateral, vincular clima e fome a com\u00e9rcio e paz, e oferecer pontes cr\u00edveis para Gaza e Ucr\u00e2nia, poder\u00e1 sair de Nova York fortalecido. Caso contr\u00e1rio, a fala ser\u00e1 apenas mais uma promessa no palco da ONU.<\/p>\n<div class=\"wp-block-media-text is-stacked-on-mobile\">\n<figure class=\"wp-block-media-text__media\"><img fetchpriority=\"high\" decoding=\"async\" width=\"683\" height=\"1024\" alt=\"Miguel Daoud\" class=\"wp-image-4095706 size-full\"  data-lazy- src=\"https:\/\/agromt.news\/wp-content\/uploads\/2025\/04\/Como-guerras-e-crises-moldaram-o-preco-das-commodities-nos.jpg\"\/><img decoding=\"async\" width=\"683\" height=\"1024\" src=\"https:\/\/agromt.news\/wp-content\/uploads\/2025\/04\/Como-guerras-e-crises-moldaram-o-preco-das-commodities-nos.jpg\" alt=\"Miguel Daoud\" class=\"wp-image-4095706 size-full\"  \/><\/figure>\n<div class=\"wp-block-media-text__content\">\n<p class=\"has-text-align-center\">*<em><strong>Miguel Daoud<\/strong>\u00a0\u00e9 comentarista de Economia e Pol\u00edtica\u00a0do Canal Rural<\/em><\/p>\n<\/div>\n<\/div>\n<hr class=\"wp-block-separator has-alpha-channel-opacity\"\/>\n<p><em>O\u00a0<strong>Canal Rural<\/strong>\u00a0n\u00e3o se responsabiliza pelas opini\u00f5es e conceitos emitidos nos textos desta sess\u00e3o, sendo os conte\u00fados de inteira responsabilidade de seus autores. A empresa se reserva o direito de fazer ajustes no texto para adequa\u00e7\u00e3o \u00e0s normas de publica\u00e7\u00e3o.<\/em><\/p>\n<\/p><\/div>\n<p><br \/>\n<br \/><a href=\"https:\/\/www.canalrural.com.br\/opiniao-noticias\/lula-na-onu-democracia-soberania-paz-fome-clima-e-tarifaco-de-trump\/\">Source link <\/a><\/p>\n","protected":false},"excerpt":{"rendered":"<p>Nesta ter\u00e7a-feira (23), em Nova York, o presidente Luiz In\u00e1cio Lula da Silva abre oficialmente o Debate Geral da 80\u00aa<\/p>\n","protected":false},"author":1,"featured_media":20604,"comment_status":"open","ping_status":"open","sticky":false,"template":"","format":"standard","meta":{"_monsterinsights_skip_tracking":false,"_monsterinsights_sitenote_active":false,"_monsterinsights_sitenote_note":"","_monsterinsights_sitenote_category":0,"_uf_show_specific_survey":0,"_uf_disable_surveys":false,"footnotes":""},"categories":[1],"tags":[],"class_list":["post-20603","post","type-post","status-publish","format-standard","has-post-thumbnail","hentry","category-news"],"_links":{"self":[{"href":"https:\/\/agromt.news\/index.php?rest_route=\/wp\/v2\/posts\/20603"}],"collection":[{"href":"https:\/\/agromt.news\/index.php?rest_route=\/wp\/v2\/posts"}],"about":[{"href":"https:\/\/agromt.news\/index.php?rest_route=\/wp\/v2\/types\/post"}],"author":[{"embeddable":true,"href":"https:\/\/agromt.news\/index.php?rest_route=\/wp\/v2\/users\/1"}],"replies":[{"embeddable":true,"href":"https:\/\/agromt.news\/index.php?rest_route=%2Fwp%2Fv2%2Fcomments&post=20603"}],"version-history":[{"count":0,"href":"https:\/\/agromt.news\/index.php?rest_route=\/wp\/v2\/posts\/20603\/revisions"}],"wp:featuredmedia":[{"embeddable":true,"href":"https:\/\/agromt.news\/index.php?rest_route=\/wp\/v2\/media\/20604"}],"wp:attachment":[{"href":"https:\/\/agromt.news\/index.php?rest_route=%2Fwp%2Fv2%2Fmedia&parent=20603"}],"wp:term":[{"taxonomy":"category","embeddable":true,"href":"https:\/\/agromt.news\/index.php?rest_route=%2Fwp%2Fv2%2Fcategories&post=20603"},{"taxonomy":"post_tag","embeddable":true,"href":"https:\/\/agromt.news\/index.php?rest_route=%2Fwp%2Fv2%2Ftags&post=20603"}],"curies":[{"name":"wp","href":"https:\/\/api.w.org\/{rel}","templated":true}]}}