{"id":20599,"date":"2025-09-22T10:30:00","date_gmt":"2025-09-22T14:30:00","guid":{"rendered":"https:\/\/agromt.news\/?p=20599"},"modified":"2025-09-22T10:30:00","modified_gmt":"2025-09-22T14:30:00","slug":"mercado-mantem-projecoes-de-inflacao-e-crescimento-em-2025","status":"publish","type":"post","link":"https:\/\/agromt.news\/?p=20599","title":{"rendered":"Mercado mant\u00e9m proje\u00e7\u00f5es de infla\u00e7\u00e3o e crescimento em 2025"},"content":{"rendered":"<p> <br \/>\n<br \/><img decoding=\"async\" src=\"https:\/\/agromt.news\/wp-content\/uploads\/2025\/02\/Mediana-do-IPCA-2025-passa-de-560-para-565-acima.jpg\" \/><\/p>\n<div>\n<p>O mercado financeiro manteve est\u00e1veis as expectativas para a economia brasileira em 2025. O boletim Focus, divulgado pelo <a href=\"https:\/\/www.canalrural.com.br\/tag\/banco-central\/\">Banco Central<\/a> nesta segunda-feira (22), aponta que a infla\u00e7\u00e3o e o crescimento do Produto Interno Bruto (PIB) seguem nos mesmos n\u00edveis da semana passada, sem mudan\u00e7as relevantes no cen\u00e1rio de curto prazo.<\/p>\n<p>As apostas tamb\u00e9m indicam estabilidade nas proje\u00e7\u00f5es para c\u00e2mbio, taxa Selic e contas externas. J\u00e1 para 2026, as expectativas apontam infla\u00e7\u00e3o menor e crescimento econ\u00f4mico mais moderado, refletindo uma vis\u00e3o de desacelera\u00e7\u00e3o da atividade.<\/p>\n<h3 class=\"wp-block-heading\" id=\"h-inflacao-juros-e-cambio\">Infla\u00e7\u00e3o, juros e c\u00e2mbio<\/h3>\n<p>Para este ano, a mediana das proje\u00e7\u00f5es do mercado manteve o \u00cdndice de Pre\u00e7os ao Consumidor Amplo (<a href=\"https:\/\/www.canalrural.com.br\/tag\/ipca\/\">IPCA)<\/a> em 4,83%, sem altera\u00e7\u00e3o em rela\u00e7\u00e3o \u00e0 semana anterior. Para 2026, a expectativa recuou para 4,29%. No caso da atividade econ\u00f4mica, a estimativa de crescimento do PIB de 2025 permaneceu em 2,16%, enquanto a de 2026 ficou em 1,80%.<\/p>\n<p>A taxa b\u00e1sica de juros, a <a href=\"https:\/\/www.canalrural.com.br\/tag\/selic\/\">Selic<\/a>, tamb\u00e9m n\u00e3o registrou mudan\u00e7as no cen\u00e1rio deste ano, permanecendo em 15% ao ano. Para 2026, entretanto, o Focus indica redu\u00e7\u00e3o para 12,25%, com nova queda prevista em 2027, para 10,5%. No c\u00e2mbio, as proje\u00e7\u00f5es seguem em R$ 5,50 por d\u00f3lar no fim de 2025 e em R$ 5,60 no encerramento de 2026.<\/p>\n<h3 class=\"wp-block-heading\" id=\"h-contas-externas-e-fiscal\">Contas externas e fiscal<\/h3>\n<p>A balan\u00e7a comercial deve encerrar 2025 com super\u00e1vit de US$ 64,8 bilh\u00f5es, enquanto o d\u00e9ficit em transa\u00e7\u00f5es correntes \u00e9 estimado em US$ 68,3 bilh\u00f5es. Para 2026, o saldo comercial esperado \u00e9 de US$ 68,3 bilh\u00f5es, e o d\u00e9ficit em conta corrente deve somar US$ 64,5 bilh\u00f5es.<\/p>\n<p>No campo fiscal, o resultado prim\u00e1rio previsto para 2025 passou de -0,52% para -0,51% do <a href=\"https:\/\/www.canalrural.com.br\/tag\/pib\/\">PIB<\/a>. Al\u00e9m disso, a d\u00edvida l\u00edquida do setor p\u00fablico deve terminar o ano em 65,8% do PIB. Para 2026, o mercado projeta d\u00e9ficit prim\u00e1rio de 0,60% do PIB e aumento da d\u00edvida l\u00edquida para 70,1%.<\/p>\n<\/p><\/div>\n<p><br \/>\n<br \/><a href=\"https:\/\/www.canalrural.com.br\/economia\/mercado-mantem-projecoes-de-inflacao-e-crescimento-em-2025\/\">Source link <\/a><\/p>\n","protected":false},"excerpt":{"rendered":"<p>O mercado financeiro manteve est\u00e1veis as expectativas para a economia brasileira em 2025. O boletim Focus, divulgado pelo Banco Central<\/p>\n","protected":false},"author":1,"featured_media":10058,"comment_status":"open","ping_status":"open","sticky":false,"template":"","format":"standard","meta":{"_monsterinsights_skip_tracking":false,"_monsterinsights_sitenote_active":false,"_monsterinsights_sitenote_note":"","_monsterinsights_sitenote_category":0,"_uf_show_specific_survey":0,"_uf_disable_surveys":false,"footnotes":""},"categories":[1],"tags":[],"class_list":["post-20599","post","type-post","status-publish","format-standard","has-post-thumbnail","hentry","category-news"],"_links":{"self":[{"href":"https:\/\/agromt.news\/index.php?rest_route=\/wp\/v2\/posts\/20599"}],"collection":[{"href":"https:\/\/agromt.news\/index.php?rest_route=\/wp\/v2\/posts"}],"about":[{"href":"https:\/\/agromt.news\/index.php?rest_route=\/wp\/v2\/types\/post"}],"author":[{"embeddable":true,"href":"https:\/\/agromt.news\/index.php?rest_route=\/wp\/v2\/users\/1"}],"replies":[{"embeddable":true,"href":"https:\/\/agromt.news\/index.php?rest_route=%2Fwp%2Fv2%2Fcomments&post=20599"}],"version-history":[{"count":0,"href":"https:\/\/agromt.news\/index.php?rest_route=\/wp\/v2\/posts\/20599\/revisions"}],"wp:featuredmedia":[{"embeddable":true,"href":"https:\/\/agromt.news\/index.php?rest_route=\/wp\/v2\/media\/10058"}],"wp:attachment":[{"href":"https:\/\/agromt.news\/index.php?rest_route=%2Fwp%2Fv2%2Fmedia&parent=20599"}],"wp:term":[{"taxonomy":"category","embeddable":true,"href":"https:\/\/agromt.news\/index.php?rest_route=%2Fwp%2Fv2%2Fcategories&post=20599"},{"taxonomy":"post_tag","embeddable":true,"href":"https:\/\/agromt.news\/index.php?rest_route=%2Fwp%2Fv2%2Ftags&post=20599"}],"curies":[{"name":"wp","href":"https:\/\/api.w.org\/{rel}","templated":true}]}}