{"id":20592,"date":"2025-09-22T07:22:15","date_gmt":"2025-09-22T11:22:15","guid":{"rendered":"https:\/\/agromt.news\/?p=20592"},"modified":"2025-09-22T07:22:15","modified_gmt":"2025-09-22T11:22:15","slug":"mesmo-com-tarifaco-brasil-pode-ampliar-exportacao-de-carnes","status":"publish","type":"post","link":"https:\/\/agromt.news\/?p=20592","title":{"rendered":"Mesmo com tarifa\u00e7o, Brasil pode ampliar exporta\u00e7\u00e3o de carnes"},"content":{"rendered":"<p> <br \/>\n<br \/><img decoding=\"async\" src=\"https:\/\/agromt.news\/wp-content\/uploads\/2025\/04\/Exportacoes-de-carne-de-frango-a-paises-arabes-se-aproximam.jpg\" \/><\/p>\n<div>\n<p>Embora o tarifa\u00e7o preocupe o setor de prote\u00edna animal, especialmente o de carne bovina, os impactos nos mercados de aves e su\u00ednos devem ser m\u00ednimos. Sobre essa afirma\u00e7\u00e3o, Alexandre Camargo Costa, m\u00e9dico-veterin\u00e1rio e s\u00f3cio-diretor da FNF Ingredients Brasil, \u00e9 bastante enf\u00e1tico. \u201cOs EUA s\u00e3o nossos concorrentes, n\u00e3o nossos clientes\u201d, diz.<\/p>\n<p>A expans\u00e3o da carne de frango, por exemplo, pode acontecer com a suspens\u00e3o do embargo das nossas exporta\u00e7\u00f5es para a Uni\u00e3o Europeia. A possibilidade decorre do reconhecimento do Brasil como livre da gripe avi\u00e1ria pelo bloco <a href=\"https:\/\/www.canalrural.com.br\/aves-e-suinos\/uniao-europeia-reconheceu-o-brasil-como-pais-livre-da-gripe-aviaria\/\">no come\u00e7o de setembro<\/a>. O status permite o retorno dos embarques brasileiros da prote\u00edna. Para Costa, al\u00e9m da possibilidade de aumentar a produ\u00e7\u00e3o, a medida tamb\u00e9m abre espa\u00e7o para o redirecionamento de cortes entre mercados.<\/p>\n<p>\u201cN\u00e3o \u00e9 um salto de produ\u00e7\u00e3o imediato, mas melhora o mix e o pre\u00e7o nas plantas habilitadas, usando capacidade ociosa e contratos de longo prazo. Al\u00e9m disso, redirecionar os cortes para UE, Oriente M\u00e9dio e Sudeste Asi\u00e1tico suaviza picos de oferta interna e sustenta margens ao longo de 2025\/26\u201d, afirma.<\/p>\n<h3 class=\"wp-block-heading\" id=\"h-novos-destinos-para-a-carne-bovina\"><strong>Novos destinos para a carne bovina<\/strong><\/h3>\n<p>Al\u00e9m de China e Uni\u00e3o Europeia, a carne bovina brasileira desperta interesse em pa\u00edses do Oriente M\u00e9dio, Norte da \u00c1frica, Am\u00e9rica Latina e \u00c1sia. Segundo o especialista, h\u00e1 demanda tanto por carne de dianteiro para processamento quanto por cortes premium para foodservice e varejo. <\/p>\n<p>\u201cProgramas halal e padroniza\u00e7\u00e3o de especifica\u00e7\u00f5es t\u00eam acelerado habilita\u00e7\u00f5es, enquanto o c\u00e2mbio competitivo e a previsibilidade sanit\u00e1ria sustentam o ganho de participa\u00e7\u00e3o\u201d, avalia.<\/p>\n<p>Em 2024, o Brasil exportou cerca de 2,89 milh\u00f5es de toneladas de carne bovina, com receita de US$ 12,8 bilh\u00f5es, aproveitando uma diversifica\u00e7\u00e3o gradual al\u00e9m do mercado chin\u00eas. Os dados s\u00e3o da Secret\u00e1ria de Com\u00e9rcio Exterior (<a href=\"https:\/\/www.canalrural.com.br\/tag\/secex\/\">Secex<\/a>), do Minist\u00e9rio do Desenvolvimento, Ind\u00fastria, Com\u00e9rcio e Servi\u00e7os (<a href=\"https:\/\/www.canalrural.com.br\/tag\/mdic\/\">MDIC<\/a>).<\/p>\n<h3 class=\"wp-block-heading\" id=\"h-espaco-deixado-pelos-eua\">Espa\u00e7o deixado pelos EUA<\/h3>\n<p>Com menor oferta export\u00e1vel dos <a href=\"https:\/\/www.canalrural.com.br\/tag\/estados-unidos\/\">Estados Unidos<\/a>, o Brasil encontra oportunidade para ocupar nichos estrat\u00e9gicos, principalmente em cortes de dianteiro e carne para processamento. Mercados como Golfo, Egito, Hong Kong e Filipinas j\u00e1 demonstram apetite por esse tipo de produto, enquanto a \u00c1sia mant\u00e9m demanda consistente por brisket e short plate.<\/p>\n<p>Para Costa, o diferencial brasileiro est\u00e1 na combina\u00e7\u00e3o de custo competitivo e regularidade de entrega. \u201cO Brasil consegue ofertar volume est\u00e1vel, com contratos halal de ciclo curto no Golfo, programas de qualidade para varejo no Chile e nas Filipinas e fornecimento cont\u00ednuo de subprimes para a China\u201d, explica.<\/p>\n<\/p><\/div>\n<p><br \/>\n<br \/><a href=\"https:\/\/www.canalrural.com.br\/pecuaria\/mesmo-com-tarifaco-brasil-pode-ampliar-exportacao-de-carnes\/\">Source link <\/a><\/p>\n","protected":false},"excerpt":{"rendered":"<p>Embora o tarifa\u00e7o preocupe o setor de prote\u00edna animal, especialmente o de carne bovina, os impactos nos mercados de aves<\/p>\n","protected":false},"author":1,"featured_media":12785,"comment_status":"open","ping_status":"open","sticky":false,"template":"","format":"standard","meta":{"_monsterinsights_skip_tracking":false,"_monsterinsights_sitenote_active":false,"_monsterinsights_sitenote_note":"","_monsterinsights_sitenote_category":0,"_uf_show_specific_survey":0,"_uf_disable_surveys":false,"footnotes":""},"categories":[1],"tags":[],"class_list":["post-20592","post","type-post","status-publish","format-standard","has-post-thumbnail","hentry","category-news"],"_links":{"self":[{"href":"https:\/\/agromt.news\/index.php?rest_route=\/wp\/v2\/posts\/20592"}],"collection":[{"href":"https:\/\/agromt.news\/index.php?rest_route=\/wp\/v2\/posts"}],"about":[{"href":"https:\/\/agromt.news\/index.php?rest_route=\/wp\/v2\/types\/post"}],"author":[{"embeddable":true,"href":"https:\/\/agromt.news\/index.php?rest_route=\/wp\/v2\/users\/1"}],"replies":[{"embeddable":true,"href":"https:\/\/agromt.news\/index.php?rest_route=%2Fwp%2Fv2%2Fcomments&post=20592"}],"version-history":[{"count":0,"href":"https:\/\/agromt.news\/index.php?rest_route=\/wp\/v2\/posts\/20592\/revisions"}],"wp:featuredmedia":[{"embeddable":true,"href":"https:\/\/agromt.news\/index.php?rest_route=\/wp\/v2\/media\/12785"}],"wp:attachment":[{"href":"https:\/\/agromt.news\/index.php?rest_route=%2Fwp%2Fv2%2Fmedia&parent=20592"}],"wp:term":[{"taxonomy":"category","embeddable":true,"href":"https:\/\/agromt.news\/index.php?rest_route=%2Fwp%2Fv2%2Fcategories&post=20592"},{"taxonomy":"post_tag","embeddable":true,"href":"https:\/\/agromt.news\/index.php?rest_route=%2Fwp%2Fv2%2Ftags&post=20592"}],"curies":[{"name":"wp","href":"https:\/\/api.w.org\/{rel}","templated":true}]}}