{"id":20591,"date":"2025-09-22T07:15:42","date_gmt":"2025-09-22T11:15:42","guid":{"rendered":"https:\/\/agromt.news\/?p=20591"},"modified":"2025-09-22T07:15:42","modified_gmt":"2025-09-22T11:15:42","slug":"soja-cai-em-chicago-com-impasse-eua-china","status":"publish","type":"post","link":"https:\/\/agromt.news\/?p=20591","title":{"rendered":"Soja cai em Chicago com impasse EUA-China"},"content":{"rendered":"<p> <br \/>\n<\/p>\n<div>\n<div class=\"row\">\n<div class=\"col-lg col-infos mt-0 mt-lg-0\">\n<div class=\"section-sub-title\">\n<p itemprop=\"description\">&#13;<br \/>\n                                Com estoques internos robustos, Pequim sinaliza paci\u00eancia&#13;\n                            <\/p>\n<\/p><\/div>\n<div class=\"container\">\n<div class=\"row\">\n<div class=\"col-lg p-0\">\n<div>\n<div class=\"block-news-main-infos mt-3 text-start\">\n<p>                                            <strong class=\"fn\" itemprop=\"author\" style=\"color: rgb(112, 112, 112); \">&#13;<br \/>\n                                                <a href=\"https:\/\/www.agrolink.com.br\/noticias\/javascript:;\" class=\"text-uppercase\" target=\"_blank\" style=\"color: rgb(112, 112, 112); \" rel=\"noopener\">Agrolink<\/a>&#13;<br \/>\n&#13;<br \/>\n                                                    &#8211; Leonardo Gottems&#13;<br \/>\n&#13;<br \/>\n                                            <\/strong><br \/>\n                                        <\/p>\n<p>                                            <abbr><time datetime=\"2025 - 09 - 22T07:15\" itemprop=\"datePublished dateModified\"> Publicado em 22\/09\/2025 \u00e0s 07:15h.<\/time><\/abbr>\n                                    <\/div>\n<\/p><\/div>\n<\/p><\/div>\n<div class=\"col-lg p-0 text-lg-end\">\n<div>\n<div id=\"mdEnviarPagina\" class=\"modal fade\" role=\"dialog\">\n<div class=\"modal-dialog\">\n<div class=\"modal-content\">\n<div class=\"modal-body\">\n<p><strong>Estimado usu\u00e1rio.<\/strong><br \/>Preencha o formul\u00e1rio abaixo para remeter a p\u00e1gina.<\/p>\n<\/p><\/div>\n<\/p><\/div>\n<\/p><\/div>\n<\/div><\/div>\n<\/p><\/div>\n<\/p><\/div>\n<\/p><\/div>\n<\/p><\/div>\n<\/p><\/div>\n<div class=\"row justify-content-md-center mt-3\">\n<div class=\"col-lg-auto col-image block-news-main-image\">\n<p>                                <img decoding=\"async\" src=\"https:\/\/www.agrolink.com.br\/upload\/imagens-resizes\/899397acf9414c1c97f89f0f19f0747e_858x483.jpg\" class=\"lazyload img-fluid\" alt=\"Com estoques internos robustos, Pequim sinaliza paci\u00eancia\"\/><br \/>\n                                                <span class=\"d-block mt-1\">Com estoques internos robustos, Pequim sinaliza paci\u00eancia &#8211; Foto: Pixabay<\/span><\/p><\/div>\n<\/p><\/div>\n<div class=\"section-description section-description-noticias mt-3\">\n<p>A <a href=\"https:\/\/www.agrolink.com.br\/culturas\/soja?utm_source=agrolink-detalhe-noticia&amp;utm_medium=detalhe-noticia&amp;utm_campaign=links-internos\" target=\"_blank\" rel=\"noopener\">soja<\/a> negociada na Bolsa de Chicago encerrou a semana em queda, pressionada pela falta de avan\u00e7os nas negocia\u00e7\u00f5es comerciais entre Estados Unidos e China, segundo a TF Agroecon\u00f4mica. Os contratos de <a href=\"https:\/\/www.agrolink.com.br\/culturas\/soja?utm_source=agrolink-detalhe-noticia&amp;utm_medium=detalhe-noticia&amp;utm_campaign=links-internos\" target=\"_blank\" rel=\"noopener\">soja<\/a> para novembro recuaram 1,16%, a $ 1.025,50 por bushel, enquanto janeiro caiu 1,11%, a $ 1.044,75. O farelo de <a href=\"https:\/\/www.agrolink.com.br\/culturas\/soja?utm_source=agrolink-detalhe-noticia&amp;utm_medium=detalhe-noticia&amp;utm_campaign=links-internos\" target=\"_blank\" rel=\"noopener\">soja<\/a> para outubro fechou praticamente est\u00e1vel, com baixa de 0,04%, a $ 282,90 por tonelada curta, e o \u00f3leo de <a href=\"https:\/\/www.agrolink.com.br\/culturas\/soja?utm_source=agrolink-detalhe-noticia&amp;utm_medium=detalhe-noticia&amp;utm_campaign=links-internos\" target=\"_blank\" rel=\"noopener\">soja<\/a> recuou 1,07%, a $ 50,03 por libra-peso.&#13;\n<\/p>\n<p>Nesse contexto, o mercado reagiu \u00e0 decep\u00e7\u00e3o com a liga\u00e7\u00e3o entre o presidente Donald Trump e o presidente chin\u00eas Xi Jinping, na qual nenhum produto agr\u00edcola espec\u00edfico foi mencionado. \u201cNada que se possa apontar para dizer que fizemos um avan\u00e7o\u201d, afirmou Randy Place, analista do Hightower Report. A China \u00e9 respons\u00e1vel por cerca de 45% das exporta\u00e7\u00f5es de soja dos EUA na temporada 2024-25, mas at\u00e9 11 de setembro n\u00e3o havia reservado nenhum carregamento, pela primeira vez desde 1999, conforme a Bloomberg.&#13;\n<\/p>\n<p>Com estoques internos robustos, Pequim sinaliza paci\u00eancia e utiliza as commodities como instrumento de negocia\u00e7\u00e3o em um contexto comercial mais amplo. O cen\u00e1rio contribuiu para que a soja acumulasse perdas semanais de 2,01%, o farelo recuasse 1,6% e o \u00f3leo de soja ca\u00edsse 3,17%, refletindo cautela e incerteza entre os compradores. Especialistas alertam que, enquanto n\u00e3o houver defini\u00e7\u00e3o nas negocia\u00e7\u00f5es, a volatilidade deve permanecer elevada, exigindo aten\u00e7\u00e3o de produtores e traders para o planejamento das vendas futuras e para o gerenciamento de riscos no mercado internacional de soja.<br \/>&#13;<br \/>\n\u00a0&#13;\n<\/p>\n<\/p><\/div>\n<\/p><\/div>\n<p><script data-cfasync=\"false\">\n    !function (f, b, e, v, n, t, s) {\n        if (f.fbq) return; n = f.fbq = function () {\n            n.callMethod ?\n                n.callMethod.apply(n, arguments) : n.queue.push(arguments)\n        };\n        if (!f._fbq) f._fbq = n; n.push = n; n.loaded = !0; n.version = '2.0';\n        n.queue = []; t = b.createElement(e); t.async = !0;\n        t.src = v; s = b.getElementsByTagName(e)[0];\n        s.parentNode.insertBefore(t, s)\n    }(window, document, 'script',\n        'https:\/\/connect.facebook.net\/en_US\/fbevents.js');\n    fbq('init', '522546078623747');\n    fbq('track', 'PageView');\n<\/script><br \/>\n<br \/><br \/>\n<br \/><a href=\"https:\/\/www.agrolink.com.br\/noticias\/soja-cai-em-chicago-com-impasse-eua-china_506179.html\">Source link <\/a><\/p>\n","protected":false},"excerpt":{"rendered":"<p>&#13; Com estoques internos robustos, Pequim sinaliza paci\u00eancia&#13; &#13; Agrolink&#13; &#13; &#8211; Leonardo Gottems&#13; &#13; Publicado em 22\/09\/2025 \u00e0s 07:15h.<\/p>\n","protected":false},"author":1,"featured_media":2144,"comment_status":"open","ping_status":"open","sticky":false,"template":"","format":"standard","meta":{"_monsterinsights_skip_tracking":false,"_monsterinsights_sitenote_active":false,"_monsterinsights_sitenote_note":"","_monsterinsights_sitenote_category":0,"_uf_show_specific_survey":0,"_uf_disable_surveys":false,"footnotes":""},"categories":[8,1,14],"tags":[],"class_list":["post-20591","post","type-post","status-publish","format-standard","has-post-thumbnail","hentry","category-agro","category-news","category-politica-agro"],"_links":{"self":[{"href":"https:\/\/agromt.news\/index.php?rest_route=\/wp\/v2\/posts\/20591"}],"collection":[{"href":"https:\/\/agromt.news\/index.php?rest_route=\/wp\/v2\/posts"}],"about":[{"href":"https:\/\/agromt.news\/index.php?rest_route=\/wp\/v2\/types\/post"}],"author":[{"embeddable":true,"href":"https:\/\/agromt.news\/index.php?rest_route=\/wp\/v2\/users\/1"}],"replies":[{"embeddable":true,"href":"https:\/\/agromt.news\/index.php?rest_route=%2Fwp%2Fv2%2Fcomments&post=20591"}],"version-history":[{"count":0,"href":"https:\/\/agromt.news\/index.php?rest_route=\/wp\/v2\/posts\/20591\/revisions"}],"wp:featuredmedia":[{"embeddable":true,"href":"https:\/\/agromt.news\/index.php?rest_route=\/wp\/v2\/media\/2144"}],"wp:attachment":[{"href":"https:\/\/agromt.news\/index.php?rest_route=%2Fwp%2Fv2%2Fmedia&parent=20591"}],"wp:term":[{"taxonomy":"category","embeddable":true,"href":"https:\/\/agromt.news\/index.php?rest_route=%2Fwp%2Fv2%2Fcategories&post=20591"},{"taxonomy":"post_tag","embeddable":true,"href":"https:\/\/agromt.news\/index.php?rest_route=%2Fwp%2Fv2%2Ftags&post=20591"}],"curies":[{"name":"wp","href":"https:\/\/api.w.org\/{rel}","templated":true}]}}