{"id":20589,"date":"2025-09-22T06:25:52","date_gmt":"2025-09-22T10:25:52","guid":{"rendered":"https:\/\/agromt.news\/?p=20589"},"modified":"2025-09-22T06:25:52","modified_gmt":"2025-09-22T10:25:52","slug":"empreendedora-paulista-transforma-tradicao-em-negocio-e-estreia-na-fe25","status":"publish","type":"post","link":"https:\/\/agromt.news\/?p=20589","title":{"rendered":"Empreendedora paulista transforma tradi\u00e7\u00e3o em neg\u00f3cio e estreia na FE25"},"content":{"rendered":"<p> <br \/>\n<\/p>\n<div>\n<p>A <a href=\"https:\/\/www.canalrural.com.br\/empreendedorismo\/iniciativas-inovadoras-e-praticas-esg-deram-destaque-ao-evento-no-parana\/\">Feira do Empreendedor 2025 (FE25)<\/a>, promovida pelo Sebrae, ser\u00e1 palco de hist\u00f3rias inspiradoras entre os dias<strong> 15 e 18 de outubro em S\u00e3o Paulo<\/strong>. Uma delas \u00e9 a de Nadieli Cardim de Oliveira, produtora rural em Eldorado (SP), que participa pela primeira vez da feira.<\/p>\n<p>\u201cEstou animada para fazer novas parcerias e expandir minha marca, irei expor minhas bananas chips e bala de banana\u201d, conta Oliveira que prepara uma novidade para o <a href=\"https:\/\/feiradoempreendedor.sebraesp.com.br\/\">evento<\/a>. <\/p>\n<p>\u201cChips de <a href=\"https:\/\/www.embrapa.br\/busca-de-noticias\/-\/noticia\/16862187\/banana-para-fazer-chips-e-boa-opcao-para-agricultor-familiar\">banana pelipita<\/a>, uma variedade rara no Brasil. Pretendo vender o produto em vers\u00e3o tradicional e tamb\u00e9m banhado no chocolate. \u00c9 algo que ainda n\u00e3o existe no mercado\u201d, revela a produtora.<\/p>\n<p>Al\u00e9m de processar as frutas cultivadas em sua propriedade, Oliveira tamb\u00e9m compra bananas de agricultoras locais. \u201cMeu objetivo \u00e9 motivar essas mulheres a conquistar independ\u00eancia financeira. Eu amo empreender nesse setor, apesar de ainda ser um espa\u00e7o majoritariamente masculino\u201d, afirma.<\/p>\n<p>Para se ter uma ideia, o projeto Bananadi nasceu em 2020, ap\u00f3s sua separa\u00e7\u00e3o, quando encontrou no <strong>empreendedorismo <\/strong>uma forma de gerar renda e apoiar outras mulheres em situa\u00e7\u00e3o de vulnerabilidade. <\/p>\n<p>\u201cSou a quarta gera\u00e7\u00e3o de produtores rurais\u201d, conta Oliveira ressaltando o apoio do pai neste momento: \u201cmeu pai \u00e9 o meu maior incentivador.\u201d<\/p>\n<ul class=\"wp-block-list\">\n<li><strong>Participe do Porteira Aberta Empreender: envie perguntas, sugest\u00f5es e conte a sua hist\u00f3ria de empreendedorismo pelo<\/strong><a href=\"https:\/\/api.whatsapp.com\/send?phone=5511932796720&amp;PorteiraAbertaEmpreender=SuaMensagem\"><strong> WhatsApp<\/strong><\/a><\/li>\n<\/ul>\n<h2 class=\"wp-block-heading\" id=\"h-apoio-que-faz-toda-diferenca\">Apoio que faz toda diferen\u00e7a <\/h2>\n<p>Para se consolidar no mercado, Oliveira conta com um apoio essencial para gerir seus neg\u00f3cios. \u201cO Sebrae\/SP entrou na minha vida desde o come\u00e7o com orienta\u00e7\u00f5es e cursos. O consultor Anderson sempre tira minhas d\u00favidas\u201d, conta a empreendedora. <\/p>\n<p>Com vendas consolidadas em redes de supermercados do Paran\u00e1, Oliveira agora mira novos mercados com o apoio de quem entende do assunto. <\/p>\n<p>\u201cA agricultura \u00e9 um segmento importante no Vale do Ribeira e temos apoiado e incentivado os produtores a participarem da Feira do Empreendedor, inclusive como expositores\u201d, afirma  Michelle dos Santos, gerente regional do <a href=\"https:\/\/sebrae.com.br\/sites\/PortalSebrae\/ufs\/SP?codUf=26\">Sebrae\/SP <\/a>no Vale do Ribeira.<\/p>\n<p>Al\u00e9m disso, a<a href=\"https:\/\/www.canalrural.com.br\/empreendedorismo\/sebrae-abre-inscricoes-para-expositores-feira-do-empreendedor\/\"> FE25<\/a> vai oferecer muitas oportunidades de neg\u00f3cios como acesso a novos mercados e tecnologias: \u201cal\u00e9m de palestras, pain\u00e9is e consultorias sobre temas importantes para melhorar a gest\u00e3o, desenvolver habilidades, inovar e fortalecer a propriedade rural, impulsionando a competitividade no agroneg\u00f3cio e a gera\u00e7\u00e3o de mais renda\u201d, refor\u00e7a a gerente do <a href=\"https:\/\/sebrae.com.br\/sites\/PortalSebrae\/artigos\/projeto-da-gosto-ser-do-ribeira,40e585e693b04810VgnVCM100000d701210aRCRD\">Sebrae\/SP<\/a>.<\/p>\n<p>A\u00a014\u00aa edi\u00e7\u00e3o da FE25 ter\u00e1 o conceito \u2018Intelig\u00eancia Empreendedora\u2019 e ser\u00e1 realizada de 15 a 18 de outubro, no S\u00e3o Paulo Expo. As inscri\u00e7\u00f5es para visitantes est\u00e3o abertas e podem ser feitas<a href=\"https:\/\/feiradoempreendedor.sebraesp.com.br\/\"> aqui.<\/a><\/p>\n<h2 class=\"wp-block-heading\" id=\"h-porteira-aberta-empreender\"><strong>Porteira Aberta Empreender<\/strong><\/h2>\n<p>Quer saber mais? Assista ao programa <a href=\"https:\/\/www.canalrural.com.br\/empreendedorismo\/transforme-sua-propriedade-em-um-destino-turistico\/\"><strong>Porteira Aberta Empreender<\/strong>,<\/a> uma parceria entre o Sebrae e o Canal Rural, que traz dicas, orienta\u00e7\u00f5es e mostra hist\u00f3rias reais de micro e pequenos produtores de todo o pa\u00eds.<\/p>\n<figure class=\"wp-block-image size-full is-resized\"><img fetchpriority=\"high\" decoding=\"async\" width=\"1013\" height=\"1017\" alt=\"\" class=\"wp-image-4116505\" style=\"width:429px;height:auto\"  data-lazy- src=\"https:\/\/agromt.news\/wp-content\/uploads\/2025\/08\/tradicao-dos-queijos-artesanais-e-turismo-rural-em-Goias.png\"\/><img decoding=\"async\" width=\"1013\" height=\"1017\" src=\"https:\/\/agromt.news\/wp-content\/uploads\/2025\/08\/tradicao-dos-queijos-artesanais-e-turismo-rural-em-Goias.png\" alt=\"\" class=\"wp-image-4116505\" style=\"width:429px;height:auto\"  \/><figcaption class=\"wp-element-caption\">\u00c0s sextas-feiras, \u00e0s 18h, no Canal Rural. Foto: Arte Divulga\u00e7\u00e3o | Canal Rural<\/figcaption><\/figure>\n<\/p><\/div>\n<p><br \/>\n<br \/><a href=\"https:\/\/www.canalrural.com.br\/diversos\/empreendedora-paulista-transforma-tradicao-em-negocio-e-estreia-na-fe25\/\">Source link <\/a><\/p>\n","protected":false},"excerpt":{"rendered":"<p>A Feira do Empreendedor 2025 (FE25), promovida pelo Sebrae, ser\u00e1 palco de hist\u00f3rias inspiradoras entre os dias 15 e 18<\/p>\n","protected":false},"author":1,"featured_media":20590,"comment_status":"open","ping_status":"open","sticky":false,"template":"","format":"standard","meta":{"_monsterinsights_skip_tracking":false,"_monsterinsights_sitenote_active":false,"_monsterinsights_sitenote_note":"","_monsterinsights_sitenote_category":0,"_uf_show_specific_survey":0,"_uf_disable_surveys":false,"footnotes":""},"categories":[1],"tags":[],"class_list":["post-20589","post","type-post","status-publish","format-standard","has-post-thumbnail","hentry","category-news"],"_links":{"self":[{"href":"https:\/\/agromt.news\/index.php?rest_route=\/wp\/v2\/posts\/20589"}],"collection":[{"href":"https:\/\/agromt.news\/index.php?rest_route=\/wp\/v2\/posts"}],"about":[{"href":"https:\/\/agromt.news\/index.php?rest_route=\/wp\/v2\/types\/post"}],"author":[{"embeddable":true,"href":"https:\/\/agromt.news\/index.php?rest_route=\/wp\/v2\/users\/1"}],"replies":[{"embeddable":true,"href":"https:\/\/agromt.news\/index.php?rest_route=%2Fwp%2Fv2%2Fcomments&post=20589"}],"version-history":[{"count":0,"href":"https:\/\/agromt.news\/index.php?rest_route=\/wp\/v2\/posts\/20589\/revisions"}],"wp:featuredmedia":[{"embeddable":true,"href":"https:\/\/agromt.news\/index.php?rest_route=\/wp\/v2\/media\/20590"}],"wp:attachment":[{"href":"https:\/\/agromt.news\/index.php?rest_route=%2Fwp%2Fv2%2Fmedia&parent=20589"}],"wp:term":[{"taxonomy":"category","embeddable":true,"href":"https:\/\/agromt.news\/index.php?rest_route=%2Fwp%2Fv2%2Fcategories&post=20589"},{"taxonomy":"post_tag","embeddable":true,"href":"https:\/\/agromt.news\/index.php?rest_route=%2Fwp%2Fv2%2Ftags&post=20589"}],"curies":[{"name":"wp","href":"https:\/\/api.w.org\/{rel}","templated":true}]}}