{"id":20585,"date":"2025-09-21T19:39:13","date_gmt":"2025-09-21T23:39:13","guid":{"rendered":"https:\/\/agromt.news\/?p=20585"},"modified":"2025-09-21T19:39:13","modified_gmt":"2025-09-21T23:39:13","slug":"boa-disponibilidade-hidrica-acelera-plantio-na-argentina","status":"publish","type":"post","link":"https:\/\/agromt.news\/?p=20585","title":{"rendered":"Boa disponibilidade h\u00eddrica acelera plantio na Argentina"},"content":{"rendered":"<p> <br \/>\n<\/p>\n<div>\n<div class=\"row\">\n<div class=\"col-lg col-infos mt-0 mt-lg-0\">\n<div class=\"section-sub-title\">\n<p itemprop=\"description\">&#13;<br \/>\n                                O plantio de girassol tamb\u00e9m apresenta avan\u00e7o&#13;\n                            <\/p>\n<\/p><\/div>\n<div class=\"container\">\n<div class=\"row\">\n<div class=\"col-lg p-0\">\n<div>\n<div class=\"block-news-main-infos mt-3 text-start\">\n<p>                                            <strong class=\"fn\" itemprop=\"author\" style=\"color: rgb(112, 112, 112); \">&#13;<br \/>\n                                                <a href=\"https:\/\/www.agrolink.com.br\/noticias\/javascript:;\" class=\"text-uppercase\" target=\"_blank\" style=\"color: rgb(112, 112, 112); \" rel=\"noopener\">Agrolink<\/a>&#13;<br \/>\n&#13;<br \/>\n                                                    &#8211; Leonardo Gottems&#13;<br \/>\n&#13;<br \/>\n                                            <\/strong><br \/>\n                                        <\/p>\n<p>                                            <abbr><time datetime=\"2025 - 09 - 19T11:24\" itemprop=\"datePublished dateModified\"> Publicado em 19\/09\/2025 \u00e0s 11:24h.<\/time><\/abbr>\n                                    <\/div>\n<\/p><\/div>\n<\/p><\/div>\n<div class=\"col-lg p-0 text-lg-end\">\n<div>\n<div id=\"mdEnviarPagina\" class=\"modal fade\" role=\"dialog\">\n<div class=\"modal-dialog\">\n<div class=\"modal-content\">\n<div class=\"modal-body\">\n<p><strong>Estimado usu\u00e1rio.<\/strong><br \/>Preencha o formul\u00e1rio abaixo para remeter a p\u00e1gina.<\/p>\n<\/p><\/div>\n<\/p><\/div>\n<\/p><\/div>\n<\/div><\/div>\n<\/p><\/div>\n<\/p><\/div>\n<\/p><\/div>\n<\/p><\/div>\n<\/p><\/div>\n<div class=\"row justify-content-md-center mt-3\">\n<div class=\"col-lg-auto col-image block-news-main-image\">\n<p>                                <img decoding=\"async\" src=\"https:\/\/www.agrolink.com.br\/upload\/imagens-resizes\/772172c52d724a67810b1ec29c2a5732_858x483.jpg\" class=\"lazyload img-fluid\" alt=\"O plantio de girassol tamb\u00e9m apresenta avan\u00e7o\"\/><br \/>\n                                                <span class=\"d-block mt-1\">O plantio de girassol tamb\u00e9m apresenta avan\u00e7o &#8211; Foto: United Soybean Board<\/span><\/p><\/div>\n<\/p><\/div>\n<div class=\"section-description section-description-noticias mt-3\">\n<p>A recente boa disponibilidade de \u00e1gua no solo tem impulsionado a acelera\u00e7\u00e3o do plantio de <a href=\"https:\/\/www.agrolink.com.br\/culturas\/milho?utm_source=agrolink-detalhe-noticia&amp;utm_medium=detalhe-noticia&amp;utm_campaign=links-internos&#9;\" target=\"_blank\" rel=\"noopener\">milho<\/a> no pa\u00eds, segundo dados da Bolsa de Cereales de Buenos Aires (BCBA). Nos \u00faltimos dias, os produtores intensificaram as semeaduras de <a href=\"https:\/\/www.agrolink.com.br\/culturas\/milho?utm_source=agrolink-detalhe-noticia&amp;utm_medium=detalhe-noticia&amp;utm_campaign=links-internos&#9;\" target=\"_blank\" rel=\"noopener\">milho<\/a> para gr\u00e3o, antecipando-se \u00e0 chegada de um novo frente de tempestades. At\u00e9 o momento, estima-se que 6,2% das 7,8 milh\u00f5es de hectares projetadas para a safra 2025\/26 j\u00e1 foram plantados. Em C\u00f3rdoba, a semeadura precoce pode representar at\u00e9 25% dos plantios, acima dos 15% registrados na campanha anterior. Na regi\u00e3o n\u00facleo, a umidade favor\u00e1vel faz com que a semeadura inicial supere 80% do total da \u00e1rea.&#13;\n<\/p>\n<p>O plantio de girassol tamb\u00e9m apresenta avan\u00e7o, com 25,6% da \u00e1rea projetada j\u00e1 semeada, refletindo acelera\u00e7\u00e3o frente \u00e0 m\u00e9dia das \u00faltimas cinco campanhas. As atividades concentraram-se no centro-leste do pa\u00eds, enquanto em Santa F\u00e9 a prioridade foi o milho. No norte, as planta\u00e7\u00f5es t\u00eam respondido bem \u00e0s chuvas recentes, favorecendo boas implanta\u00e7\u00f5es.<\/p>\n<p>O trigo, por sua vez, \u00e9 beneficiado pelas precipita\u00e7\u00f5es no NEA, com 93% da \u00e1rea entre espigamento e enchimento de gr\u00e3o. No centro e sul, a elevada disponibilidade h\u00eddrica exige maior aplica\u00e7\u00e3o de fungicidas contra royas e manchas amarelas. Apesar de alguns casos de clorose e lavagem de nutrientes em \u00e1reas alagadas, 97,1% das lavouras seguem em condi\u00e7\u00e3o de Normal a Excelente, e 54,6% j\u00e1 atingem est\u00e1gios cr\u00edticos, mantendo altas expectativas de produtividade.&#13;\n<\/p>\n<p>Na cevada, 91% da \u00e1rea apresenta condi\u00e7\u00e3o h\u00eddrica adequada a \u00f3tima, com 88% das lavouras em estado Normal\/Bom. Cerca de 66% das planta\u00e7\u00f5es est\u00e3o em pleno perfilhamento, enquanto 32% iniciaram alongamento do caule, principalmente na regi\u00e3o central. Nos n\u00facleos cevadeiros do sul, 82,5% da \u00e1rea apresenta condi\u00e7\u00e3o Normal\/Buena, e fungicidas come\u00e7aram a ser aplicados ap\u00f3s as \u00faltimas chuvas.<br \/>&#13;<br \/>\n\u00a0<\/p>\n<\/p><\/div>\n<\/p><\/div>\n<p><script data-cfasync=\"false\">\n    !function (f, b, e, v, n, t, s) {\n        if (f.fbq) return; n = f.fbq = function () {\n            n.callMethod ?\n                n.callMethod.apply(n, arguments) : n.queue.push(arguments)\n        };\n        if (!f._fbq) f._fbq = n; n.push = n; n.loaded = !0; n.version = '2.0';\n        n.queue = []; t = b.createElement(e); t.async = !0;\n        t.src = v; s = b.getElementsByTagName(e)[0];\n        s.parentNode.insertBefore(t, s)\n    }(window, document, 'script',\n        'https:\/\/connect.facebook.net\/en_US\/fbevents.js');\n    fbq('init', '522546078623747');\n    fbq('track', 'PageView');\n<\/script><br \/>\n<br \/><br \/>\n<br \/><a href=\"https:\/\/www.agrolink.com.br\/noticias\/boa-disponibilidade-hidrica-acelera-plantio-na-argentina_506158.html\">Source link <\/a><\/p>\n","protected":false},"excerpt":{"rendered":"<p>&#13; O plantio de girassol tamb\u00e9m apresenta avan\u00e7o&#13; &#13; Agrolink&#13; &#13; &#8211; Leonardo Gottems&#13; &#13; Publicado em 19\/09\/2025 \u00e0s 11:24h.<\/p>\n","protected":false},"author":1,"featured_media":20586,"comment_status":"open","ping_status":"open","sticky":false,"template":"","format":"standard","meta":{"_monsterinsights_skip_tracking":false,"_monsterinsights_sitenote_active":false,"_monsterinsights_sitenote_note":"","_monsterinsights_sitenote_category":0,"_uf_show_specific_survey":0,"_uf_disable_surveys":false,"footnotes":""},"categories":[8,1,14],"tags":[],"class_list":["post-20585","post","type-post","status-publish","format-standard","has-post-thumbnail","hentry","category-agro","category-news","category-politica-agro"],"_links":{"self":[{"href":"https:\/\/agromt.news\/index.php?rest_route=\/wp\/v2\/posts\/20585"}],"collection":[{"href":"https:\/\/agromt.news\/index.php?rest_route=\/wp\/v2\/posts"}],"about":[{"href":"https:\/\/agromt.news\/index.php?rest_route=\/wp\/v2\/types\/post"}],"author":[{"embeddable":true,"href":"https:\/\/agromt.news\/index.php?rest_route=\/wp\/v2\/users\/1"}],"replies":[{"embeddable":true,"href":"https:\/\/agromt.news\/index.php?rest_route=%2Fwp%2Fv2%2Fcomments&post=20585"}],"version-history":[{"count":0,"href":"https:\/\/agromt.news\/index.php?rest_route=\/wp\/v2\/posts\/20585\/revisions"}],"wp:featuredmedia":[{"embeddable":true,"href":"https:\/\/agromt.news\/index.php?rest_route=\/wp\/v2\/media\/20586"}],"wp:attachment":[{"href":"https:\/\/agromt.news\/index.php?rest_route=%2Fwp%2Fv2%2Fmedia&parent=20585"}],"wp:term":[{"taxonomy":"category","embeddable":true,"href":"https:\/\/agromt.news\/index.php?rest_route=%2Fwp%2Fv2%2Fcategories&post=20585"},{"taxonomy":"post_tag","embeddable":true,"href":"https:\/\/agromt.news\/index.php?rest_route=%2Fwp%2Fv2%2Ftags&post=20585"}],"curies":[{"name":"wp","href":"https:\/\/api.w.org\/{rel}","templated":true}]}}