{"id":20582,"date":"2025-09-21T17:42:41","date_gmt":"2025-09-21T21:42:41","guid":{"rendered":"https:\/\/agromt.news\/?p=20582"},"modified":"2025-09-21T17:42:41","modified_gmt":"2025-09-21T21:42:41","slug":"inovacao-e-negocios-marcam-a-victam-latin-america-em-sao-paulo","status":"publish","type":"post","link":"https:\/\/agromt.news\/?p=20582","title":{"rendered":"Inova\u00e7\u00e3o e neg\u00f3cios marcam a Victam Latin America em S\u00e3o Paulo"},"content":{"rendered":"<p> <br \/>\n<\/p>\n<div>\n<p style=\"text-align:justify\">A Victam Latin America voltou a S\u00e3o Paulo reunindo 250 expositores de 30 pa\u00edses e destacando o Brasil como protagonista mundial do setor. O pa\u00eds \u00e9 o terceiro maior produtor de ra\u00e7\u00e3o e l\u00edder nas exporta\u00e7\u00f5es de prote\u00edna animal, o que faz da feira uma vitrine estrat\u00e9gica para neg\u00f3cios e inova\u00e7\u00e3o.&#13;\n<\/p>\n<p style=\"text-align:justify\">Criada h\u00e1 mais de 60 anos na Holanda, a Victam \u00e9 considerada refer\u00eancia global em nutri\u00e7\u00e3o animal e processamento de gr\u00e3os. O evento \u00e9 bienal e itinerante, com edi\u00e7\u00f5es na Europa, \u00c1sia, \u00c1frica e Am\u00e9rica Latina, sempre com o prop\u00f3sito de conectar a ind\u00fastria local \u00e0s principais tend\u00eancias internacionais.<\/p>\n<p style=\"text-align:justify\">Para a organiza\u00e7\u00e3o, o Brasil se tornou um mercado estrat\u00e9gico. \u201cH\u00e1 dois anos lan\u00e7amos a feira no Brasil justamente pela for\u00e7a desse mercado brasileiro. Normalmente entramos em novos pa\u00edses quando expositores e a ind\u00fastria nos pedem. E acreditamos que, nos pr\u00f3ximos cinco anos, as exporta\u00e7\u00f5es e importa\u00e7\u00f5es devem pelo menos dobrar e com isso a feira cresce junto\u201d, ressaltou Sebas van den Ende, diretor-geral da Victam Corporation.<\/p>\n<p style=\"text-align:justify\">Entre as oportunidades de neg\u00f3cios discutidas durante o evento, o segmento de pet food ganhou destaque. De acordo com o Sindira\u00e7\u00f5es, esse subnicho j\u00e1 representa 53,5% do faturamento do chamado pet care.<\/p>\n<p style=\"text-align:justify\">\u201cEsse mercado de pet care envolve toda a cadeia, ou seja, m\u00e9dicos veterin\u00e1rios, medicamentos e acess\u00f3rios dos c\u00e3es, gatos, peixes, ou seja, dos animais de companhia. Mais de 50% corresponde a alimenta\u00e7\u00e3o e o Brasil tem um grande potencial de crescimento j\u00e1 que a popula\u00e7\u00e3o de pets segue em expans\u00e3o e h\u00e1 uma evolu\u00e7\u00e3o constante na demanda por alimentos industrializados\u201d, disse Ariovaldo Zani, CEO do Sindira\u00e7\u00f5es.<\/p>\n<p style=\"text-align:justify\">No espa\u00e7o de exposi\u00e7\u00e3o, empresas brasileiras se destacaram com inova\u00e7\u00f5es. De acordo com Daniel Costandrade, coordenador de engenharia da Matisa, a m\u00e1quina lan\u00e7ada na feira destinada ao processo final de embalagem e empacotamento, oferece selagem dupla para evitar contamina\u00e7\u00e3o cruzada durante o processo de transporte.&#13;\n<\/p>\n<p style=\"text-align:justify\">\u201cEssa tecnologia \u00e9 uma novidade 100% nacional. Com a selagem dupla, conseguimos garantir que o produto esteja livre de qualquer contamina\u00e7\u00e3o depois do ensaque, trazendo mais seguran\u00e7a ao consumidor final. Al\u00e9m disso, o equipamento aplica todas as normas regulamentadoras para evitar acidentes tanto ao operador quanto ao ambiente industrial.\u201d<\/p>\n<p style=\"text-align:justify\">Na \u00e1rea de automa\u00e7\u00e3o, a STW apresentou solu\u00e7\u00f5es para f\u00e1bricas inteligentes com uso de rob\u00f3tica. Segundo J\u00fanior Sulzbabach, s\u00f3cio-fundador da companhia, o rob\u00f4 suporta muito mais peso do que a ind\u00fastria est\u00e1 acostumada. \u00a0\u201cEle [rob\u00f4] tem capacidade acima de uma tonelada, podendo movimentar at\u00e9 30 toneladas em processos de paletiza\u00e7\u00e3o e transporte.\u00a0<\/p>\n<p style=\"text-align:justify\">Al\u00e9m disso, j\u00e1 \u00e9 poss\u00edvel usar intelig\u00eancia artificial nas f\u00e1bricas de ra\u00e7\u00e3o. \u201cO operador pode perguntar qual \u00e9 o melhor processo ou como obter mais efici\u00eancia e o sistema responde com base em dados acumulados h\u00e1 mais de dez anos. \u00c9 como um \u2018chat GPT\u2019 voltado para o processo produtivo\u201d, afirma.<\/p>\n<p style=\"text-align:justify\">Al\u00e9m das novidades tecnol\u00f3gicas, a feira tamb\u00e9m foi palco para discuss\u00f5es globais sobre sustentabilidade. Um dos pontos altos foi a plen\u00e1ria da RTRS (Round Table on Responsible Soy) ou Mesa Global da Soja Respons\u00e1vel. O objetivo da plataforma \u00e9 promover discuss\u00f5es e ferramentas para impactar na produ\u00e7\u00e3o de baixo carbono. O foco da confer\u00eancia no Brasil, neste ano, foi encontrar solu\u00e7\u00f5es para o futuro da soja sustent\u00e1vel.&#13;\n<\/p>\n<p style=\"text-align:justify\">\u201cConseguimos, em certa medida, enxergar as necessidades dos diferentes elos da cadeia de valor que comp\u00f5em a <a href=\"https:\/\/www.agrolink.com.br\/culturas\/soja?utm_source=agrolink-detalhe-noticia&amp;utm_medium=detalhe-noticia&amp;utm_campaign=links-internos\" target=\"_blank\" rel=\"noopener\">soja<\/a>. Os desafios s\u00e3o aqueles que n\u00f3s j\u00e1 conhecemos, sobretudo, na agricultura regenerativa e no mercado de carbono e, em breve, certamente v\u00e3o surgir tamb\u00e9m as quest\u00f5es de certifica\u00e7\u00f5es sociais e ambientais, que, de certa forma, v\u00e3o orientar toda a estrat\u00e9gia da plataforma nos pr\u00f3ximos anos.\u201d<\/p>\n<\/p><\/div>\n<p><script data-cfasync=\"false\">\n    !function (f, b, e, v, n, t, s) {\n        if (f.fbq) return; n = f.fbq = function () {\n            n.callMethod ?\n                n.callMethod.apply(n, arguments) : n.queue.push(arguments)\n        };\n        if (!f._fbq) f._fbq = n; n.push = n; n.loaded = !0; n.version = '2.0';\n        n.queue = []; t = b.createElement(e); t.async = !0;\n        t.src = v; s = b.getElementsByTagName(e)[0];\n        s.parentNode.insertBefore(t, s)\n    }(window, document, 'script',\n        'https:\/\/connect.facebook.net\/en_US\/fbevents.js');\n    fbq('init', '522546078623747');\n    fbq('track', 'PageView');\n<\/script><br \/>\n<br \/><br \/>\n<br \/><a href=\"https:\/\/www.agrolink.com.br\/noticias\/inovacao-e-negocios-marcam-a-victam-latin-america-em-sao-paulo_506159.html\">Source link <\/a><\/p>\n","protected":false},"excerpt":{"rendered":"<p>A Victam Latin America voltou a S\u00e3o Paulo reunindo 250 expositores de 30 pa\u00edses e destacando o Brasil como protagonista<\/p>\n","protected":false},"author":1,"featured_media":20583,"comment_status":"open","ping_status":"open","sticky":false,"template":"","format":"standard","meta":{"_monsterinsights_skip_tracking":false,"_monsterinsights_sitenote_active":false,"_monsterinsights_sitenote_note":"","_monsterinsights_sitenote_category":0,"_uf_show_specific_survey":0,"_uf_disable_surveys":false,"footnotes":""},"categories":[8,1,14],"tags":[],"class_list":["post-20582","post","type-post","status-publish","format-standard","has-post-thumbnail","hentry","category-agro","category-news","category-politica-agro"],"_links":{"self":[{"href":"https:\/\/agromt.news\/index.php?rest_route=\/wp\/v2\/posts\/20582"}],"collection":[{"href":"https:\/\/agromt.news\/index.php?rest_route=\/wp\/v2\/posts"}],"about":[{"href":"https:\/\/agromt.news\/index.php?rest_route=\/wp\/v2\/types\/post"}],"author":[{"embeddable":true,"href":"https:\/\/agromt.news\/index.php?rest_route=\/wp\/v2\/users\/1"}],"replies":[{"embeddable":true,"href":"https:\/\/agromt.news\/index.php?rest_route=%2Fwp%2Fv2%2Fcomments&post=20582"}],"version-history":[{"count":0,"href":"https:\/\/agromt.news\/index.php?rest_route=\/wp\/v2\/posts\/20582\/revisions"}],"wp:featuredmedia":[{"embeddable":true,"href":"https:\/\/agromt.news\/index.php?rest_route=\/wp\/v2\/media\/20583"}],"wp:attachment":[{"href":"https:\/\/agromt.news\/index.php?rest_route=%2Fwp%2Fv2%2Fmedia&parent=20582"}],"wp:term":[{"taxonomy":"category","embeddable":true,"href":"https:\/\/agromt.news\/index.php?rest_route=%2Fwp%2Fv2%2Fcategories&post=20582"},{"taxonomy":"post_tag","embeddable":true,"href":"https:\/\/agromt.news\/index.php?rest_route=%2Fwp%2Fv2%2Ftags&post=20582"}],"curies":[{"name":"wp","href":"https:\/\/api.w.org\/{rel}","templated":true}]}}