{"id":20578,"date":"2025-09-21T16:17:13","date_gmt":"2025-09-21T20:17:13","guid":{"rendered":"https:\/\/agromt.news\/?p=20578"},"modified":"2025-09-21T16:17:13","modified_gmt":"2025-09-21T20:17:13","slug":"acordo-mercosul-efta-e-positivo-mas-efeito-sobre-tarifaco-e-limitado","status":"publish","type":"post","link":"https:\/\/agromt.news\/?p=20578","title":{"rendered":"Acordo Mercosul-EFTA \u00e9 positivo, mas efeito sobre tarifa\u00e7o \u00e9 limitado"},"content":{"rendered":"<p> <br \/>\n<br \/><img decoding=\"async\" src=\"https:\/\/agromt.news\/wp-content\/uploads\/2025\/01\/Producao-de-soja-deve-aumentar-154-em-2025-projeta-IBGE.jpg\" \/><\/p>\n<div>\n<p>O Mercosul assinou nesta semana, no Rio de Janeiro, um acordo de livre com\u00e9rcio com a Associa\u00e7\u00e3o Europeia de Livre Com\u00e9rcio (<a href=\"https:\/\/www.canalrural.com.br\/tag\/efta\/\">EFTA<\/a>). O bloco re\u00fane Su\u00ed\u00e7a, Noruega, Isl\u00e2ndia e Liechtenstein, pa\u00edses de alto poder aquisitivo.<\/p>\n<p>Atualmente, esses parceiros representam menos de 1% das exporta\u00e7\u00f5es brasileiras e pouco mais de 1,5% das importa\u00e7\u00f5es. O potencial de crescimento \u00e9 apontado pela Confedera\u00e7\u00e3o Nacional da Ind\u00fastria (<a href=\"https:\/\/www.canalrural.com.br\/tag\/cni\/\">CNI<\/a>), que enxerga mais de 700 oportunidades de exporta\u00e7\u00e3o para a regi\u00e3o.<\/p>\n<p>Segundo estimativas do governo, o tratado pode acrescentar R$ 3,34 bilh\u00f5es \u00e0s exporta\u00e7\u00f5es brasileiras at\u00e9 2044. Em 2024, o Brasil vendeu US$ 3,1 bilh\u00f5es aos pa\u00edses da EFTA, sendo 38% em alumina calcinada.<\/p>\n<h3 class=\"wp-block-heading\" id=\"h-impacto-do-acordo-e-limitado\">Impacto do acordo \u00e9 limitado<\/h3>\n<p>Especialistas ouvidos pelo grupo Estado avaliam que o acordo tem peso mais pol\u00edtico do que comercial. Para Jos\u00e9 Augusto de Castro, presidente da Associa\u00e7\u00e3o de Com\u00e9rcio Exterior do Brasil (<a href=\"https:\/\/www.canalrural.com.br\/tag\/aeb\/\">AEB<\/a>), a parceria mostra que o Mercosul consegue negociar com pa\u00edses desenvolvidos, mas dificilmente trar\u00e1 ganhos expressivos. \u201cO simbolismo \u00e9 mais forte que as oportunidades reais. Estamos falando de mercados ricos, mas altamente competitivos\u201d, disse Castro.<\/p>\n<p>O ex-secret\u00e1rio de Com\u00e9rcio Exterior, Welber Barral, destacou que o tratado segue moldes semelhantes ao acordo com a Uni\u00e3o Europeia, ainda em negocia\u00e7\u00e3o. Para ele, a aproxima\u00e7\u00e3o com a EFTA serve como argumento pol\u00edtico para destravar a negocia\u00e7\u00e3o com os europeus.<\/p>\n<h3 class=\"wp-block-heading\" id=\"h-reacao-da-industria\">Rea\u00e7\u00e3o da ind\u00fastria<\/h3>\n<p>Setores impactados pelas tarifas norte-americanas observam o tratado com cautela. A ind\u00fastria de m\u00e1quinas e equipamentos, atingida pela al\u00edquota de 50% nos EUA, avalia positivamente a abertura de novos mercados, mas prev\u00ea efeito econ\u00f4mico limitado.<\/p>\n<p>Segundo Patr\u00edcia Gomes, diretora de mercados externos da Associa\u00e7\u00e3o Brasileira da Ind\u00fastria de M\u00e1quinas e Equipamentos (<a href=\"https:\/\/www.canalrural.com.br\/tag\/abimaq\/\">Abimaq<\/a>), a relev\u00e2ncia est\u00e1 no movimento de ampliar a rede de acordos internacionais. \u201cO Brasil tem poucas parcerias comerciais. Avan\u00e7ar nesse campo \u00e9 essencial\u201d, afirmou.<\/p>\n<p>A entidade, no entanto, defende que futuros tratados incluam redu\u00e7\u00e3o gradual de impostos sobre bens de capital, com prazos de at\u00e9 dez anos para zeragem. A expectativa \u00e9 que a reforma tribut\u00e1ria reduza custos industriais e aumente a competitividade do setor.<\/p>\n<\/p><\/div>\n<p><br \/>\n<br \/><a href=\"https:\/\/www.canalrural.com.br\/economia\/acordo-mercosul-efta-e-positivo-mas-efeito-sobre-tarifaco-e-limitado\/\">Source link <\/a><\/p>\n","protected":false},"excerpt":{"rendered":"<p>O Mercosul assinou nesta semana, no Rio de Janeiro, um acordo de livre com\u00e9rcio com a Associa\u00e7\u00e3o Europeia de Livre<\/p>\n","protected":false},"author":1,"featured_media":20579,"comment_status":"open","ping_status":"open","sticky":false,"template":"","format":"standard","meta":{"_monsterinsights_skip_tracking":false,"_monsterinsights_sitenote_active":false,"_monsterinsights_sitenote_note":"","_monsterinsights_sitenote_category":0,"_uf_show_specific_survey":0,"_uf_disable_surveys":false,"footnotes":""},"categories":[1],"tags":[],"class_list":["post-20578","post","type-post","status-publish","format-standard","has-post-thumbnail","hentry","category-news"],"_links":{"self":[{"href":"https:\/\/agromt.news\/index.php?rest_route=\/wp\/v2\/posts\/20578"}],"collection":[{"href":"https:\/\/agromt.news\/index.php?rest_route=\/wp\/v2\/posts"}],"about":[{"href":"https:\/\/agromt.news\/index.php?rest_route=\/wp\/v2\/types\/post"}],"author":[{"embeddable":true,"href":"https:\/\/agromt.news\/index.php?rest_route=\/wp\/v2\/users\/1"}],"replies":[{"embeddable":true,"href":"https:\/\/agromt.news\/index.php?rest_route=%2Fwp%2Fv2%2Fcomments&post=20578"}],"version-history":[{"count":0,"href":"https:\/\/agromt.news\/index.php?rest_route=\/wp\/v2\/posts\/20578\/revisions"}],"wp:featuredmedia":[{"embeddable":true,"href":"https:\/\/agromt.news\/index.php?rest_route=\/wp\/v2\/media\/20579"}],"wp:attachment":[{"href":"https:\/\/agromt.news\/index.php?rest_route=%2Fwp%2Fv2%2Fmedia&parent=20578"}],"wp:term":[{"taxonomy":"category","embeddable":true,"href":"https:\/\/agromt.news\/index.php?rest_route=%2Fwp%2Fv2%2Fcategories&post=20578"},{"taxonomy":"post_tag","embeddable":true,"href":"https:\/\/agromt.news\/index.php?rest_route=%2Fwp%2Fv2%2Ftags&post=20578"}],"curies":[{"name":"wp","href":"https:\/\/api.w.org\/{rel}","templated":true}]}}