{"id":20573,"date":"2025-09-21T13:49:37","date_gmt":"2025-09-21T17:49:37","guid":{"rendered":"https:\/\/agromt.news\/?p=20573"},"modified":"2025-09-21T13:49:37","modified_gmt":"2025-09-21T17:49:37","slug":"producao-mundial-de-milho-recua-para-1286-bilhoes-de-toneladas","status":"publish","type":"post","link":"https:\/\/agromt.news\/?p=20573","title":{"rendered":"Produ\u00e7\u00e3o mundial de milho recua para 1,286 bilh\u00f5es de toneladas"},"content":{"rendered":"<p> <br \/>\n<\/p>\n<div>\n<div class=\"row\">\n<div class=\"col-lg col-infos mt-0 mt-lg-0\">\n<div class=\"section-sub-title\">\n<p itemprop=\"description\">&#13;<br \/>\n                                Brasil deve produzir 131 milh\u00f5es de toneladas de milho&#13;\n                            <\/p>\n<\/p><\/div>\n<div class=\"container\">\n<div class=\"row\">\n<div class=\"col-lg p-0\">\n<div>\n<div class=\"block-news-main-infos mt-3 text-start\">\n<p>                                            <strong class=\"fn\" itemprop=\"author\" style=\"color: rgb(112, 112, 112); \">&#13;<br \/>\n                                                <a href=\"https:\/\/www.agrolink.com.br\/noticias\/javascript:;\" class=\"text-uppercase\" target=\"_blank\" style=\"color: rgb(112, 112, 112); \" rel=\"noopener\">Agrolink<\/a>&#13;<br \/>\n&#13;<br \/>\n                                                    &#8211; Seane Lennon&#13;<br \/>\n&#13;<br \/>\n                                            <\/strong><br \/>\n                                        <\/p>\n<p>                                            <abbr><time datetime=\"2025 - 09 - 19T15:02\" itemprop=\"datePublished dateModified\"> Publicado em 19\/09\/2025 \u00e0s 15:02h.<\/time><\/abbr>\n                                    <\/div>\n<\/p><\/div>\n<\/p><\/div>\n<div class=\"col-lg p-0 text-lg-end\">\n<div>\n<div id=\"mdEnviarPagina\" class=\"modal fade\" role=\"dialog\">\n<div class=\"modal-dialog\">\n<div class=\"modal-content\">\n<div class=\"modal-body\">\n<p><strong>Estimado usu\u00e1rio.<\/strong><br \/>Preencha o formul\u00e1rio abaixo para remeter a p\u00e1gina.<\/p>\n<\/p><\/div>\n<\/p><\/div>\n<\/p><\/div>\n<\/div><\/div>\n<\/p><\/div>\n<\/p><\/div>\n<\/p><\/div>\n<\/p><\/div>\n<\/p><\/div>\n<div class=\"row justify-content-md-center mt-3\">\n<div class=\"col-lg-auto col-image block-news-main-image\">\n<p>                                <img decoding=\"async\" src=\"https:\/\/www.agrolink.com.br\/upload\/imagens-resizes\/dee6634cf3344795984d70bc68e91d29_858x483.jpg\" class=\"lazyload img-fluid\"\/><br \/>\n                                                <span class=\"publicity-photo d-block mt-1\">Foto: Canva<\/span><\/p><\/div>\n<\/p><\/div>\n<div class=\"section-description section-description-noticias mt-3\">\n<p style=\"text-align:justify\">Segundo a Central Internacional de An\u00e1lises Econ\u00f4micas e de Estudos de Mercado Agropecu\u00e1rio (Ceema), na an\u00e1lise referente \u00e0 semana de 12 a 18 de setembro publicada nesta quinta-feira (18), \u201cna mesma l\u00f3gica da <a href=\"https:\/\/www.agrolink.com.br\/culturas\/soja?utm_source=agrolink-detalhe-noticia&amp;utm_medium=detalhe-noticia&amp;utm_campaign=links-internos\" target=\"_blank\" rel=\"noopener\">soja<\/a>, as cota\u00e7\u00f5es do <a href=\"https:\/\/www.agrolink.com.br\/culturas\/milho?utm_source=agrolink-detalhe-noticia&amp;utm_medium=detalhe-noticia&amp;utm_campaign=links-internos&#9;\" target=\"_blank\" rel=\"noopener\">milho<\/a> subiram nesta semana, mesmo com um relat\u00f3rio de oferta e demanda baixista para o cereal\u201d. A entidade acrescentou que \u201ca mudan\u00e7a de primeiro m\u00eas cotado, em Chicago, ajudou nessa varia\u00e7\u00e3o\u201d. De acordo com a Ceema, \u201co fechamento desta quinta-feira (18) ficou em US$ 4,23\/bushel, contra US$ 3,99 uma semana antes\u201d.&#13;\n<\/p>\n<p style=\"text-align:justify\">O relat\u00f3rio de oferta e demanda do USDA, divulgado na sexta-feira (12), indicou que para o ano 2025\/26 \u201ca produ\u00e7\u00e3o estadunidense ser\u00e1 maior em cerca de 2 milh\u00f5es de toneladas, atingindo agora 427,1 milh\u00f5es de toneladas, enquanto os estoques finais dos EUA somariam 53,6 milh\u00f5es de toneladas, praticamente repetindo o volume de um m\u00eas antes\u201d.<\/p>\n<p style=\"text-align:justify\">Segundo as informa\u00e7\u00f5es, \u201ca produ\u00e7\u00e3o mundial de milho ficou estimada em 1,286 bilh\u00e3o de toneladas, com recuo de 2 milh\u00f5es sobre agosto, enquanto os estoques finais mundiais chegariam a 281,4 milh\u00f5es, perdendo um milh\u00e3o de toneladas sobre o anunciado em agosto\u201d. A an\u00e1lise aponta ainda que \u201ca produ\u00e7\u00e3o brasileira ficaria em 131 milh\u00f5es de toneladas e a da Argentina em 53 milh\u00f5es de toneladas\u201d. Diante disso, \u201co pre\u00e7o m\u00e9dio ao produtor estadunidense de milho, em 2025\/26, ficou mantido em US$ 3,90\/bushel\u201d.&#13;\n<\/p>\n<p style=\"text-align:justify\">A Ceema informou tamb\u00e9m que \u201cat\u00e9 o dia 14\/09, a colheita estadunidense do cereal chegava a 7% da \u00e1rea semeada, ficando dentro da m\u00e9dia hist\u00f3rica\u201d. Das lavouras ainda a colher, \u201c67% estavam entre boas a excelentes condi\u00e7\u00f5es, sendo que 41% das mesmas estavam em fase de matura\u00e7\u00e3o\u201d.<\/p>\n<\/p><\/div>\n<\/p><\/div>\n<p><script data-cfasync=\"false\">\n    !function (f, b, e, v, n, t, s) {\n        if (f.fbq) return; n = f.fbq = function () {\n            n.callMethod ?\n                n.callMethod.apply(n, arguments) : n.queue.push(arguments)\n        };\n        if (!f._fbq) f._fbq = n; n.push = n; n.loaded = !0; n.version = '2.0';\n        n.queue = []; t = b.createElement(e); t.async = !0;\n        t.src = v; s = b.getElementsByTagName(e)[0];\n        s.parentNode.insertBefore(t, s)\n    }(window, document, 'script',\n        'https:\/\/connect.facebook.net\/en_US\/fbevents.js');\n    fbq('init', '522546078623747');\n    fbq('track', 'PageView');\n<\/script><br \/>\n<br \/><br \/>\n<br \/><a href=\"https:\/\/www.agrolink.com.br\/noticias\/producao-mundial-de-milho-recua-para-1-286-bilhoes-de-toneladas_506161.html\">Source link <\/a><\/p>\n","protected":false},"excerpt":{"rendered":"<p>&#13; Brasil deve produzir 131 milh\u00f5es de toneladas de milho&#13; &#13; Agrolink&#13; &#13; &#8211; Seane Lennon&#13; &#13; Publicado em 19\/09\/2025<\/p>\n","protected":false},"author":1,"featured_media":20574,"comment_status":"open","ping_status":"open","sticky":false,"template":"","format":"standard","meta":{"_monsterinsights_skip_tracking":false,"_monsterinsights_sitenote_active":false,"_monsterinsights_sitenote_note":"","_monsterinsights_sitenote_category":0,"_uf_show_specific_survey":0,"_uf_disable_surveys":false,"footnotes":""},"categories":[8,1,14],"tags":[],"class_list":["post-20573","post","type-post","status-publish","format-standard","has-post-thumbnail","hentry","category-agro","category-news","category-politica-agro"],"_links":{"self":[{"href":"https:\/\/agromt.news\/index.php?rest_route=\/wp\/v2\/posts\/20573"}],"collection":[{"href":"https:\/\/agromt.news\/index.php?rest_route=\/wp\/v2\/posts"}],"about":[{"href":"https:\/\/agromt.news\/index.php?rest_route=\/wp\/v2\/types\/post"}],"author":[{"embeddable":true,"href":"https:\/\/agromt.news\/index.php?rest_route=\/wp\/v2\/users\/1"}],"replies":[{"embeddable":true,"href":"https:\/\/agromt.news\/index.php?rest_route=%2Fwp%2Fv2%2Fcomments&post=20573"}],"version-history":[{"count":0,"href":"https:\/\/agromt.news\/index.php?rest_route=\/wp\/v2\/posts\/20573\/revisions"}],"wp:featuredmedia":[{"embeddable":true,"href":"https:\/\/agromt.news\/index.php?rest_route=\/wp\/v2\/media\/20574"}],"wp:attachment":[{"href":"https:\/\/agromt.news\/index.php?rest_route=%2Fwp%2Fv2%2Fmedia&parent=20573"}],"wp:term":[{"taxonomy":"category","embeddable":true,"href":"https:\/\/agromt.news\/index.php?rest_route=%2Fwp%2Fv2%2Fcategories&post=20573"},{"taxonomy":"post_tag","embeddable":true,"href":"https:\/\/agromt.news\/index.php?rest_route=%2Fwp%2Fv2%2Ftags&post=20573"}],"curies":[{"name":"wp","href":"https:\/\/api.w.org\/{rel}","templated":true}]}}