{"id":20569,"date":"2025-09-21T12:49:58","date_gmt":"2025-09-21T16:49:58","guid":{"rendered":"https:\/\/agromt.news\/?p=20569"},"modified":"2025-09-21T12:49:58","modified_gmt":"2025-09-21T16:49:58","slug":"pec-da-blindagem-isencao-do-ir-e-mais-a-semana-no-congresso","status":"publish","type":"post","link":"https:\/\/agromt.news\/?p=20569","title":{"rendered":"PEC da blindagem, isen\u00e7\u00e3o do IR e mais; a semana no Congresso"},"content":{"rendered":"<p> <br \/>\n<br \/><img decoding=\"async\" src=\"https:\/\/agromt.news\/wp-content\/uploads\/2025\/09\/PEC-da-blindagem-isencao-do-IR-e-mais-a-semana.jpg\" \/><\/p>\n<div>\n<p>A agenda pol\u00edtica da semana ser\u00e1 marcada por vota\u00e7\u00f5es econ\u00f4micas importantes no Congresso. Entre os temas principais, destaque para a segunda parte da regulamenta\u00e7\u00e3o da reforma tribut\u00e1ria e o pacote de socorro \u00e0s empresas afetadas pelo tarifa\u00e7o dos Estados Unidos, ambos em tramita\u00e7\u00e3o no <a href=\"https:\/\/www.canalrural.com.br\/tag\/senado-federal\/\">Senado Federal<\/a>.<\/p>\n<p>Os senadores tamb\u00e9m trabalham no <a href=\"https:\/\/www.congressonacional.leg.br\/materias\/materias-bicamerais\/-\/ver\/pl-1952-2019\">projeto de lei 1.952\/2019<\/a>, que prop\u00f5e mudan\u00e7as no Imposto de Renda, incluindo a cobran\u00e7a sobre lucros e dividendos, al\u00e9m de ajustes na tabela progressiva para pessoas f\u00edsicas. A proposta tamb\u00e9m reduz a al\u00edquota para empresas, acaba com dedu\u00e7\u00e3o de juros sobre capital pr\u00f3prio e retira isen\u00e7\u00e3o sobre investimentos.<\/p>\n<p>Al\u00e9m disso, o Congresso poder\u00e1 analisar o veto presidencial ao projeto que isentava a Embrapa do pagamento de taxas de registro de patentes e de prote\u00e7\u00e3o de cultivares. A proposta buscava reduzir custos em pesquisas, mas foi barrada pelo governo na \u00faltima semana.<\/p>\n<p>Confira abaixo os pricipais destaques da agenda pol\u00edtica na semana:<\/p>\n<h3 class=\"wp-block-heading\" id=\"h-reforma-tributaria-e-tarifaco\">Reforma tribut\u00e1ria e tarifa\u00e7o<\/h3>\n<p>O Senado votar\u00e1 na quarta-feira (24) o <a href=\"https:\/\/www25.senado.leg.br\/web\/atividade\/materias\/-\/materia\/166095\">Projeto de lei Complementar (PL) 108\/2024<\/a>, que \u00e9 a segunda parte da regulamenta\u00e7\u00e3o da reforma tribut\u00e1ria. O texto foi aprovado na semana passada pela Comiss\u00e3o de Constitui\u00e7\u00e3o e Justi\u00e7a (<a href=\"https:\/\/www.canalrural.com.br\/tag\/ccj\/\">CCJ<\/a>) da Casa. A proposta, se aprovada, retorna ao plen\u00e1rio da C\u00e2mara dos Deputados. O projeto define as regras para o Comit\u00ea Gestor do IBS e da CBS, impostos que substituir\u00e3o a atual tributa\u00e7\u00e3o sobre consumo.<\/p>\n<p>Na ter\u00e7a-feira (23) \u00e9 o tarifa\u00e7o que volta a ser tema de destaque no Congresso. A expectativa \u00e9 que os parlamentares analisem o projeto que viabiliza o pacote de apoio a empresas afetadas pelas taxas adicionais dos EUA. A medida foi imposta pelo governo de Donald Trump e come\u00e7ou a valer em 6 de agosto.<\/p>\n<h3 class=\"wp-block-heading\" id=\"h-pec-da-blindagem-em-debate\">PEC da Blindagem em debate<\/h3>\n<p>O relator da Proposta de Emenda \u00e0 Constitui\u00e7\u00e3o n\u00ba 3 de 2021, conhecida como \u201c<a href=\"https:\/\/www.canalrural.com.br\/tag\/pec-da-blindagem\/\">PEC da Blindagem<\/a>\u201c, afirmou que apresentar\u00e1 seu parecer na quarta-feira. Nas redes sociais, o senador Alessandro Vieira (MDB-SE) disse que recomendar\u00e1 a rejei\u00e7\u00e3o do texto. A decis\u00e3o sobre a data de vota\u00e7\u00e3o, no entanto, caber\u00e1 ao presidente da CCJ, Otto Alencar (PSD-BA).<\/p>\n<h3 class=\"wp-block-heading\" id=\"h-cpmi-do-inss\">CPMI do INSS<\/h3>\n<p>Fora da pauta econ\u00f4mica, a CPMI do INSS dever\u00e1 ouvir na segunda-feira (22) o ex-diretor financeiro Rubens Oliveira Costa, apontado como s\u00f3cio do \u201cCareca do INSS\u201d. Ele prestar\u00e1 esclarecimentos sobre suposta participa\u00e7\u00e3o em fraudes com descontos indevidos em aposentadorias e pens\u00f5es. Costa foi convocado como testemunha, apesar de defesa pedir que fosse ouvido como investigado.<\/p>\n<\/p><\/div>\n<p><br \/>\n<br \/><a href=\"https:\/\/www.canalrural.com.br\/politica\/pec-da-blindagem-ir-e-mais-os-destaques-do-congresso-na-semana\/\">Source link <\/a><\/p>\n","protected":false},"excerpt":{"rendered":"<p>A agenda pol\u00edtica da semana ser\u00e1 marcada por vota\u00e7\u00f5es econ\u00f4micas importantes no Congresso. Entre os temas principais, destaque para a<\/p>\n","protected":false},"author":1,"featured_media":20570,"comment_status":"open","ping_status":"open","sticky":false,"template":"","format":"standard","meta":{"_monsterinsights_skip_tracking":false,"_monsterinsights_sitenote_active":false,"_monsterinsights_sitenote_note":"","_monsterinsights_sitenote_category":0,"_uf_show_specific_survey":0,"_uf_disable_surveys":false,"footnotes":""},"categories":[1],"tags":[],"class_list":["post-20569","post","type-post","status-publish","format-standard","has-post-thumbnail","hentry","category-news"],"_links":{"self":[{"href":"https:\/\/agromt.news\/index.php?rest_route=\/wp\/v2\/posts\/20569"}],"collection":[{"href":"https:\/\/agromt.news\/index.php?rest_route=\/wp\/v2\/posts"}],"about":[{"href":"https:\/\/agromt.news\/index.php?rest_route=\/wp\/v2\/types\/post"}],"author":[{"embeddable":true,"href":"https:\/\/agromt.news\/index.php?rest_route=\/wp\/v2\/users\/1"}],"replies":[{"embeddable":true,"href":"https:\/\/agromt.news\/index.php?rest_route=%2Fwp%2Fv2%2Fcomments&post=20569"}],"version-history":[{"count":0,"href":"https:\/\/agromt.news\/index.php?rest_route=\/wp\/v2\/posts\/20569\/revisions"}],"wp:featuredmedia":[{"embeddable":true,"href":"https:\/\/agromt.news\/index.php?rest_route=\/wp\/v2\/media\/20570"}],"wp:attachment":[{"href":"https:\/\/agromt.news\/index.php?rest_route=%2Fwp%2Fv2%2Fmedia&parent=20569"}],"wp:term":[{"taxonomy":"category","embeddable":true,"href":"https:\/\/agromt.news\/index.php?rest_route=%2Fwp%2Fv2%2Fcategories&post=20569"},{"taxonomy":"post_tag","embeddable":true,"href":"https:\/\/agromt.news\/index.php?rest_route=%2Fwp%2Fv2%2Ftags&post=20569"}],"curies":[{"name":"wp","href":"https:\/\/api.w.org\/{rel}","templated":true}]}}