{"id":20564,"date":"2025-09-21T10:55:13","date_gmt":"2025-09-21T14:55:13","guid":{"rendered":"https:\/\/agromt.news\/?p=20564"},"modified":"2025-09-21T10:55:13","modified_gmt":"2025-09-21T14:55:13","slug":"lula-viaja-aos-eua-para-participar-de-assembleia-da-onu","status":"publish","type":"post","link":"https:\/\/agromt.news\/?p=20564","title":{"rendered":"Lula viaja aos EUA para participar de Assembleia da ONU"},"content":{"rendered":"<p> <br \/>\n<br \/><img decoding=\"async\" src=\"https:\/\/agromt.news\/wp-content\/uploads\/2025\/09\/Lula-viaja-aos-EUA-para-participar-de-Assembleia-da-ONU.jpg\" \/><\/p>\n<div>\n<p>O presidente Luiz In\u00e1cio Lula da Silva embarca neste domingo (21), para Nova York, onde participa da 80\u00aa <a href=\"https:\/\/www.canalrural.com.br\/tag\/assembleia-geral-da-onu\/\">Assembleia Geral das Na\u00e7\u00f5es Unidas<\/a>. O evento re\u00fane chefes de Estado entre os dias 22 e 24 de setembro e marca a retomada das discuss\u00f5es multilaterais em um momento de tens\u00f5es internacionais.<\/p>\n<p>Al\u00e9m do discurso de abertura, tradi\u00e7\u00e3o reservada ao Brasil desde 1955, a agenda de Lula inclui encontros sobre democracia, mudan\u00e7as clim\u00e1ticas e a situa\u00e7\u00e3o no Oriente M\u00e9dio. Al\u00e9m disso, o governo pretende usar os debates para refor\u00e7ar prioridades da pol\u00edtica externa e articular apoio a iniciativas brasileiras.<\/p>\n<h3 class=\"wp-block-heading\" id=\"h-discursos-e-reunioes-multilaterais\">Discursos e reuni\u00f5es multilaterais<\/h3>\n<p>Como ocorre desde 1955, o Brasil abrir\u00e1 o debate geral. Lula deve discursar na ter\u00e7a-feira (23), logo ap\u00f3s o secret\u00e1rio-geral da ONU, Ant\u00f3nio Guterres, e a presidente da assembleia, Annalena Baerbock. No pronunciamento, o governo deve apresentar prioridades da pol\u00edtica externa e refor\u00e7ar temas ligados \u00e0 seguran\u00e7a internacional e \u00e0 crise clim\u00e1tica, em prepara\u00e7\u00e3o para a <a href=\"https:\/\/www.canalrural.com.br\/tag\/cop30\/\">COP30<\/a>, que ser\u00e1 realizada em novembro, em Bel\u00e9m (PA).<\/p>\n<p>Na segunda-feira (22), Lula participa de confer\u00eancia sobre a quest\u00e3o palestina, convocada pela Fran\u00e7a e pela Ar\u00e1bia Saudita. Neste sentido, o Itamaraty avalia que o encontro pode estimular novos pa\u00edses a reconhecerem oficialmente a Palestina como Estado. Atualmente, 147 na\u00e7\u00f5es j\u00e1 fizeram esse reconhecimento, mas pot\u00eancias como Fran\u00e7a, Reino Unido e Canad\u00e1 ainda n\u00e3o formalizaram a decis\u00e3o.<\/p>\n<h3 class=\"wp-block-heading\" id=\"h-democracia-e-clima-em-foco\">Democracia e clima em foco<\/h3>\n<p>Outro compromisso do presidente ser\u00e1 a segunda edi\u00e7\u00e3o do evento \u201cEm Defesa da Democracia e Contra o Extremismo\u201d, marcado para quarta-feira (24). O encontro \u00e9 liderado pelo Brasil, Chile e Espanha e deve reunir cerca de 30 pa\u00edses. O objetivo \u00e9 avan\u00e7ar em uma agenda conjunta contra a desinforma\u00e7\u00e3o e a fragilidade institucional.<\/p>\n<p>No mesmo dia, Lula divide com Ant\u00f3nio Guterres a presid\u00eancia de um encontro sobre mudan\u00e7as clim\u00e1ticas. A expectativa \u00e9 de que pa\u00edses apresentem novas metas de redu\u00e7\u00e3o de emiss\u00f5es de gases de efeito estufa. Tamb\u00e9m em Nova York, o Brasil organiza evento para ampliar apoio ao <strong>Fundo Florestas Tropicais para Sempre<\/strong>, voltado ao financiamento da preserva\u00e7\u00e3o ambiental.<\/p>\n<p>Paralelamente \u00e0 assembleia, a delega\u00e7\u00e3o brasileira tamb\u00e9m deve participar da Semana do Clima de Nova York, que re\u00fane governos e sociedade civil em mais de 500 eventos. Por isso,  encontro \u00e9 considerado preparat\u00f3rio para a confer\u00eancia do clima que o Brasil sediar\u00e1 em novembro.<\/p>\n<\/p><\/div>\n<p><br \/>\n<br \/><a href=\"https:\/\/www.canalrural.com.br\/politica\/lula-viaja-aos-eua-para-participar-de-assembleia-da-onu\/\">Source link <\/a><\/p>\n","protected":false},"excerpt":{"rendered":"<p>O presidente Luiz In\u00e1cio Lula da Silva embarca neste domingo (21), para Nova York, onde participa da 80\u00aa Assembleia Geral<\/p>\n","protected":false},"author":1,"featured_media":20565,"comment_status":"open","ping_status":"open","sticky":false,"template":"","format":"standard","meta":{"_monsterinsights_skip_tracking":false,"_monsterinsights_sitenote_active":false,"_monsterinsights_sitenote_note":"","_monsterinsights_sitenote_category":0,"_uf_show_specific_survey":0,"_uf_disable_surveys":false,"footnotes":""},"categories":[1],"tags":[],"class_list":["post-20564","post","type-post","status-publish","format-standard","has-post-thumbnail","hentry","category-news"],"_links":{"self":[{"href":"https:\/\/agromt.news\/index.php?rest_route=\/wp\/v2\/posts\/20564"}],"collection":[{"href":"https:\/\/agromt.news\/index.php?rest_route=\/wp\/v2\/posts"}],"about":[{"href":"https:\/\/agromt.news\/index.php?rest_route=\/wp\/v2\/types\/post"}],"author":[{"embeddable":true,"href":"https:\/\/agromt.news\/index.php?rest_route=\/wp\/v2\/users\/1"}],"replies":[{"embeddable":true,"href":"https:\/\/agromt.news\/index.php?rest_route=%2Fwp%2Fv2%2Fcomments&post=20564"}],"version-history":[{"count":0,"href":"https:\/\/agromt.news\/index.php?rest_route=\/wp\/v2\/posts\/20564\/revisions"}],"wp:featuredmedia":[{"embeddable":true,"href":"https:\/\/agromt.news\/index.php?rest_route=\/wp\/v2\/media\/20565"}],"wp:attachment":[{"href":"https:\/\/agromt.news\/index.php?rest_route=%2Fwp%2Fv2%2Fmedia&parent=20564"}],"wp:term":[{"taxonomy":"category","embeddable":true,"href":"https:\/\/agromt.news\/index.php?rest_route=%2Fwp%2Fv2%2Fcategories&post=20564"},{"taxonomy":"post_tag","embeddable":true,"href":"https:\/\/agromt.news\/index.php?rest_route=%2Fwp%2Fv2%2Ftags&post=20564"}],"curies":[{"name":"wp","href":"https:\/\/api.w.org\/{rel}","templated":true}]}}