{"id":20563,"date":"2025-09-21T09:58:29","date_gmt":"2025-09-21T13:58:29","guid":{"rendered":"https:\/\/agromt.news\/?p=20563"},"modified":"2025-09-21T09:58:29","modified_gmt":"2025-09-21T13:58:29","slug":"frente-fria-e-chuva-avancam-pelo-pais-na-proxima-semana","status":"publish","type":"post","link":"https:\/\/agromt.news\/?p=20563","title":{"rendered":"Frente fria e chuva avan\u00e7am pelo pa\u00eds na pr\u00f3xima semana"},"content":{"rendered":"<p> <br \/>\n<br \/><img decoding=\"async\" src=\"https:\/\/agromt.news\/wp-content\/uploads\/2025\/04\/confira-a-previsao-do-tempo-para-a-semana.jpg\" \/><\/p>\n<div>\n<p>Por causa do avan\u00e7o de uma frente fria, a semana come\u00e7a com instabilidades espalhadas por diversas regi\u00f5es do Brasil, trazendo chuva volumosa, risco de temporais e queda nas temperaturas, conforme previs\u00e3o do tempo do meteorologista do Canal Rural, <a href=\"https:\/\/www.canalrural.com.br\/tag\/arthur-muller\/\">Arthur M\u00fcller<\/a>. Segundo ele, as condi\u00e7\u00f5es devem impactar tanto a rotina no campo quanto a retomada das opera\u00e7\u00f5es para o plantio da safra 2025\/26.<\/p>\n<p>Confira o que esperar do tempo entre os dias 22 e 26 de setembro:<\/p>\n<h3 class=\"wp-block-heading\" id=\"h-sul\">Sul<\/h3>\n<p>As chuvas se concentram at\u00e9 a tarde desta segunda-feira no Rio Grande do Sul, avan\u00e7ando depois para Santa Catarina e Paran\u00e1. \u00c0 noite, as pancadas diminuem, mas seguem no litoral. O alerta \u00e9 para tempo severo, com rajadas de vento que podem passar de 100 km\/h e risco de granizo em \u00e1reas produtoras.<\/p>\n<p>A partir de ter\u00e7a-feira, o tempo volta a firmar, favorecendo o trabalho no campo. Por\u00e9m, a frente fria que avan\u00e7a ap\u00f3s o ciclone extratropical derruba as temperaturas, que devem ficar abaixo dos 10\u00b0C em toda a regi\u00e3o. H\u00e1 risco de geada na serra ga\u00facha, catarinense e em \u00e1reas do sudoeste do Paran\u00e1, no munic\u00edpio de General Carneiro, al\u00e9m da fronteira do Rio Grande do Sul com o Uruguai, onde os term\u00f4metros podem marcar menos de 4\u00b0C.<\/p>\n<h3 class=\"wp-block-heading\" id=\"h-sudeste-e-centro-oeste\">Sudeste e Centro-Oeste<\/h3>\n<p>Na regi\u00e3o Sudeste, uma frente fria provoca pancadas de chuva e temporais em S\u00e3o Paulo, que se espalham para Rio de Janeiro e Minas Gerais. O risco \u00e9 de rajadas de vento acima de 100 km\/h e granizo nos quatro estados, com potencial de danos \u00e0s lavouras, principalmente no interior paulista e no sul de mineiro. <\/p>\n<p>Apesar disso, o volume acumulado entre 50 e 80 mm deve ajudar a reverter o d\u00e9ficit h\u00eddrico nas \u00e1reas produtoras e diminuir o risco de focos de inc\u00eandio nessas \u00e1reas. Em capitais como S\u00e3o Paulo e Rio de Janeiro, os acumulados podem ultrapassar 100 mm, elevando o risco de alagamentos urbanos.<\/p>\n<p>No Centro-Oeste, \u00e1res de instabilidade espalham chuva por Mato Grosso do Sul, Goi\u00e1s e Mato Grosso, com risco de temporais, rajadas de vento e queda de granizo. Para os produtores que aguardavam a volta da chuva para o in\u00edcio da <a href=\"https:\/\/www.canalrural.com.br\/tag\/safra-2025-26\/\">safra 2025\/26<\/a>, a not\u00edcia \u00e9 positiva. A expectativa \u00e9 de acumulados entre 30 e 60 mm, volumes suficientes para viabilizar as opera\u00e7\u00f5es em \u00e1reas de sequeiro.<\/p>\n<h3 class=\"wp-block-heading\" id=\"h-norte-e-nordeste\">Norte e Nordeste<\/h3>\n<p>Na regi\u00e3o Nordeste, as chuvas se concentram no litoral do Maranh\u00e3o e do Cear\u00e1, al\u00e9m da faixa leste da regi\u00e3o. No interior, o tempo firme predomina, com calor de at\u00e9 40\u00b0C e umidade relativa do ar abaixo de 30%. O cen\u00e1rio aumenta o risco de inc\u00eandios, enquanto a colheita do algod\u00e3o segue sem grandes interrup\u00e7\u00f5es.<\/p>\n<p>No Norte, pancadas de chuva atingem Par\u00e1, Amazonas, Rond\u00f4nia, Acre, Roraima e Tocantins. Em \u00e1reas produtoras, como Rond\u00f4nia, sudoeste do Par\u00e1 e Acre, os volumes entre 50 e 60 mm ajudam a recuperar as pastagens. J\u00e1 no centro-leste e norte do Par\u00e1, onde n\u00e3o deve chover, o calor de 37\u00b0C mant\u00e9m o risco elevado para focos de inc\u00eandio.<\/p>\n<div data-icp-cta=\"1\" id=\"icp-cta-unique\">Voc\u00ea quer entender como usar o clima a seu favor?<b> <\/b><a href=\"https:\/\/climacampo.canalrural.com.br\/climacampo_-01\">Preparamos um e-book exclusivo<\/a> para ajudar produtores rurais a se antecipar \u00e0s mudan\u00e7as do tempo e planejar melhor suas a\u00e7\u00f5es. Com base em previs\u00f5es meteorol\u00f3gicas confi\u00e1veis, ele oferece orienta\u00e7\u00f5es pr\u00e1ticas para proteger sua lavoura e otimizar seus resultados.<\/div>\n<\/div>\n<p><br \/>\n<br \/><a href=\"https:\/\/www.canalrural.com.br\/tempo\/frente-fria-e-chuva-avancam-pelo-pais-na-proxima-semana\/\">Source link <\/a><\/p>\n","protected":false},"excerpt":{"rendered":"<p>Por causa do avan\u00e7o de uma frente fria, a semana come\u00e7a com instabilidades espalhadas por diversas regi\u00f5es do Brasil, trazendo<\/p>\n","protected":false},"author":1,"featured_media":12029,"comment_status":"open","ping_status":"open","sticky":false,"template":"","format":"standard","meta":{"_monsterinsights_skip_tracking":false,"_monsterinsights_sitenote_active":false,"_monsterinsights_sitenote_note":"","_monsterinsights_sitenote_category":0,"_uf_show_specific_survey":0,"_uf_disable_surveys":false,"footnotes":""},"categories":[1],"tags":[],"class_list":["post-20563","post","type-post","status-publish","format-standard","has-post-thumbnail","hentry","category-news"],"_links":{"self":[{"href":"https:\/\/agromt.news\/index.php?rest_route=\/wp\/v2\/posts\/20563"}],"collection":[{"href":"https:\/\/agromt.news\/index.php?rest_route=\/wp\/v2\/posts"}],"about":[{"href":"https:\/\/agromt.news\/index.php?rest_route=\/wp\/v2\/types\/post"}],"author":[{"embeddable":true,"href":"https:\/\/agromt.news\/index.php?rest_route=\/wp\/v2\/users\/1"}],"replies":[{"embeddable":true,"href":"https:\/\/agromt.news\/index.php?rest_route=%2Fwp%2Fv2%2Fcomments&post=20563"}],"version-history":[{"count":0,"href":"https:\/\/agromt.news\/index.php?rest_route=\/wp\/v2\/posts\/20563\/revisions"}],"wp:featuredmedia":[{"embeddable":true,"href":"https:\/\/agromt.news\/index.php?rest_route=\/wp\/v2\/media\/12029"}],"wp:attachment":[{"href":"https:\/\/agromt.news\/index.php?rest_route=%2Fwp%2Fv2%2Fmedia&parent=20563"}],"wp:term":[{"taxonomy":"category","embeddable":true,"href":"https:\/\/agromt.news\/index.php?rest_route=%2Fwp%2Fv2%2Fcategories&post=20563"},{"taxonomy":"post_tag","embeddable":true,"href":"https:\/\/agromt.news\/index.php?rest_route=%2Fwp%2Fv2%2Ftags&post=20563"}],"curies":[{"name":"wp","href":"https:\/\/api.w.org\/{rel}","templated":true}]}}