{"id":20531,"date":"2025-09-20T13:49:15","date_gmt":"2025-09-20T17:49:15","guid":{"rendered":"https:\/\/agromt.news\/?p=20531"},"modified":"2025-09-20T13:49:15","modified_gmt":"2025-09-20T17:49:15","slug":"laranja-de-tangua-com-selo-de-indicacao-geografica-e-destaque-em-concurso-no-rj","status":"publish","type":"post","link":"https:\/\/agromt.news\/?p=20531","title":{"rendered":"Laranja de Tangu\u00e1 com selo de indica\u00e7\u00e3o geogr\u00e1fica \u00e9 destaque em concurso no RJ"},"content":{"rendered":"<p> <br \/>\n<br \/><img decoding=\"async\" src=\"https:\/\/agromt.news\/wp-content\/uploads\/2025\/09\/Laranja-de-Tangua-com-selo-de-indicacao-geografica-e-destaque.jpg\" \/><\/p>\n<div>\n<p>A laranja da Regi\u00e3o de Tangu\u00e1 (RJ), conhecida pelo sabor doce e alto rendimento de suco, ser\u00e1 avaliada at\u00e9 este domingo (21) na Feira de Exposi\u00e7\u00e3o da Laranja de Tangu\u00e1, que tamb\u00e9m abriga o concurso de qualidade das <a href=\"https:\/\/www.canalrural.com.br\/?s=laranja\">frutas<\/a>. O evento foi aberto no Centro Comunit\u00e1rio da Posse dos Coutinhos e contou com a presen\u00e7a de representantes da Embrapa Agroind\u00fastria de Alimentos, incluindo a chefe-geral Edna Oliveira e o chefe de Transfer\u00eancia de Tecnologia Andr\u00e9 Dutra.<\/p>\n<p>Segundo Edna Oliveira, a Embrapa teve papel essencial na valida\u00e7\u00e3o cient\u00edfica da laranja, ligando suas caracter\u00edsticas \u00fanicas ao territ\u00f3rio. \u201cA integra\u00e7\u00e3o entre pesquisa, extens\u00e3o rural e produtores fortalece a agricultura familiar, impulsiona o turismo e valoriza a cultura local da regi\u00e3o de Tangu\u00e1\u201d, afirma.<\/p>\n<p>O analista Rodrigo Campos integra a comiss\u00e3o julgadora do concurso, respons\u00e1vel pela an\u00e1lise e classifica\u00e7\u00e3o das laranjas. Andr\u00e9 Dutra ressalta que a Embrapa continuar\u00e1 prospectando oportunidades e apoiando o desenvolvimento econ\u00f4mico-social dos munic\u00edpios por meio de inova\u00e7\u00e3o e ci\u00eancia aplicada.<\/p>\n<p>O selo de indica\u00e7\u00e3o geogr\u00e1fica na categoria Denomina\u00e7\u00e3o de Origem (IG-DO), concedido pelo INPI em 2022, abrange Tangu\u00e1 e munic\u00edpios vizinhos, como Araruama, Itabora\u00ed e Rio Bonito. O reconhecimento foi obtido a partir de estudos cient\u00edficos da Embrapa, que demonstraram que a qualidade das laranjas est\u00e1 diretamente ligada a fatores naturais e humanos do territ\u00f3rio.<\/p>\n<p>Pesquisadores da Embrapa Solos analisaram o clima, o solo e a delimita\u00e7\u00e3o geogr\u00e1fica da regi\u00e3o, enquanto a Embrapa Agroind\u00fastria de Alimentos realizou coletas e testes f\u00edsico-qu\u00edmicos e sensoriais nos frutos. A correla\u00e7\u00e3o desses dados confirmou que solo, regime de chuvas e clima influenciam a composi\u00e7\u00e3o e qualidade da fruta, fundamentando a concess\u00e3o do selo IG-DO.<\/p>\n<\/p><\/div>\n<p><br \/>\n<br \/><a href=\"https:\/\/www.canalrural.com.br\/agricultura\/agronegocio\/laranja-de-tangua-com-selo-de-indicacao-geografica-e-destaque-em-concurso-no-rj\/\">Source link <\/a><\/p>\n","protected":false},"excerpt":{"rendered":"<p>A laranja da Regi\u00e3o de Tangu\u00e1 (RJ), conhecida pelo sabor doce e alto rendimento de suco, ser\u00e1 avaliada at\u00e9 este<\/p>\n","protected":false},"author":1,"featured_media":20532,"comment_status":"open","ping_status":"open","sticky":false,"template":"","format":"standard","meta":{"_monsterinsights_skip_tracking":false,"_monsterinsights_sitenote_active":false,"_monsterinsights_sitenote_note":"","_monsterinsights_sitenote_category":0,"_uf_show_specific_survey":0,"_uf_disable_surveys":false,"footnotes":""},"categories":[1],"tags":[],"class_list":["post-20531","post","type-post","status-publish","format-standard","has-post-thumbnail","hentry","category-news"],"_links":{"self":[{"href":"https:\/\/agromt.news\/index.php?rest_route=\/wp\/v2\/posts\/20531"}],"collection":[{"href":"https:\/\/agromt.news\/index.php?rest_route=\/wp\/v2\/posts"}],"about":[{"href":"https:\/\/agromt.news\/index.php?rest_route=\/wp\/v2\/types\/post"}],"author":[{"embeddable":true,"href":"https:\/\/agromt.news\/index.php?rest_route=\/wp\/v2\/users\/1"}],"replies":[{"embeddable":true,"href":"https:\/\/agromt.news\/index.php?rest_route=%2Fwp%2Fv2%2Fcomments&post=20531"}],"version-history":[{"count":0,"href":"https:\/\/agromt.news\/index.php?rest_route=\/wp\/v2\/posts\/20531\/revisions"}],"wp:featuredmedia":[{"embeddable":true,"href":"https:\/\/agromt.news\/index.php?rest_route=\/wp\/v2\/media\/20532"}],"wp:attachment":[{"href":"https:\/\/agromt.news\/index.php?rest_route=%2Fwp%2Fv2%2Fmedia&parent=20531"}],"wp:term":[{"taxonomy":"category","embeddable":true,"href":"https:\/\/agromt.news\/index.php?rest_route=%2Fwp%2Fv2%2Fcategories&post=20531"},{"taxonomy":"post_tag","embeddable":true,"href":"https:\/\/agromt.news\/index.php?rest_route=%2Fwp%2Fv2%2Ftags&post=20531"}],"curies":[{"name":"wp","href":"https:\/\/api.w.org\/{rel}","templated":true}]}}