{"id":20529,"date":"2025-09-20T12:53:14","date_gmt":"2025-09-20T16:53:14","guid":{"rendered":"https:\/\/agromt.news\/?p=20529"},"modified":"2025-09-20T12:53:14","modified_gmt":"2025-09-20T16:53:14","slug":"agricultura-biossalina-auxilia-no-combate-a-escassez-hidrica-no-semiarido","status":"publish","type":"post","link":"https:\/\/agromt.news\/?p=20529","title":{"rendered":"Agricultura biossalina auxilia no combate \u00e0 escassez h\u00eddrica no Semi\u00e1rido"},"content":{"rendered":"<p> <br \/>\n<br \/><img decoding=\"async\" src=\"https:\/\/agromt.news\/wp-content\/uploads\/2025\/09\/Agricultura-biossalina-auxilia-no-combate-a-escassez-hidrica-no-Semiarido.jpg\" \/><\/p>\n<div>\n<p>Durante o Semi\u00e1rido Show 2025, em Petrolina (PE), foi anunciado um refor\u00e7o para o enfrentamento \u00e0 escassez h\u00eddrica no bioma. Trata-se do projeto \u2018Produ\u00e7\u00e3o Biossalina: Tecnologia Social Integrada ao Processo de Dessaliniza\u00e7\u00e3o para Acesso \u00e0 \u00c1gua, Produ\u00e7\u00e3o de Alimentos e Gera\u00e7\u00e3o de Renda no Semi\u00e1rido\u2019. Apelidado de \u2018Sal da Terra\u2019, o projeto deve mobilizar cerca de R$ 20 milh\u00f5es para o avan\u00e7o de pesquisas e transfer\u00eancia de tecnologia em agricultura biossalina no Nordeste.<\/p>\n<p>A <a href=\"https:\/\/www.canalrural.com.br\/tag\/embrapa\/\">Embrapa Semi\u00e1rido<\/a> coordena o projeto com a participa\u00e7\u00e3o de outros centros de pesquisa da empresa e da Universidade Federal do Rio Grande (FURG). Com isso o projeto ter\u00e1 duas frentes de atua\u00e7\u00e3o. A primeira se volta para a pesquisa e desenvolvimento e prev\u00ea a revitaliza\u00e7\u00e3o da \u00e1rea experimental de agricultura biossalina da Embrapa Semi\u00e1rido. Assim s\u00e3o realizados ensaios em plantas aliment\u00edcias e forrageiras tolerantes a sais, a produ\u00e7\u00e3o de microalgas, aproveitamento de concentrado salino na nutri\u00e7\u00e3o animal e o monitoramento da qualidade de \u00e1gua e solo, entre outras abordagens.<\/p>\n<p>A segunda frente se dedica \u00e0 transfer\u00eancia de tecnologia. Para tanto, esta realiza diagn\u00f3sticos em comunidades, a capacita\u00e7\u00e3o de agricultores, a implanta\u00e7\u00e3o de unidades produtivas que adotam tecnologias consagradas como a cria\u00e7\u00e3o de til\u00e1pias e o cultivo da erva-sal (planta adaptada a ambientes salinos) e a instala\u00e7\u00e3o de \u00e1reas demonstrativas.<\/p>\n<h2 class=\"wp-block-heading\" id=\"h-o-que-e-agricultura-biossalina\">O que \u00e9 agricultura biossalina?<\/h2>\n<p>De acordo com o pesquisador Diogo Porto, que participou da articula\u00e7\u00e3o do projeto, a agricultura biossalina j\u00e1 vem sendo estudada pela Embrapa h\u00e1 anos. Esta se caracterizada pelo uso produtivo de \u00e1guas salobras, rejeitos da dessaliniza\u00e7\u00e3o e manejo de solos salinos. Assim os trabalhos incluem pesquisas com plantas tolerantes ao sal e o uso de forrageiras resistentes.<\/p>\n<p>\u201cA proposta do projeto \u00e9 fortalecer a agricultura biossalina como tecnologia social, integrada ao processo de dessaliniza\u00e7\u00e3o, para ampliar o acesso \u00e0 \u00e1gua, a produ\u00e7\u00e3o de alimentos e a gera\u00e7\u00e3o de renda. Queremos mostrar que \u00e9 poss\u00edvel transformar a salinidade, antes vista como problema, em alternativa sustent\u00e1vel para a seguran\u00e7a h\u00eddrica e alimentar do Semi\u00e1rido\u201d, destaca Porto.<\/p>\n<h2 class=\"wp-block-heading\" id=\"h-construcao-coletiva\">Constru\u00e7\u00e3o coletiva<\/h2>\n<p>A articula\u00e7\u00e3o do projeto come\u00e7ou ainda em 2023, durante a 10\u00aa edi\u00e7\u00e3o do Semi\u00e1rido Show. No per\u00edodo se discutia o potencial da agricultura biossalina em sinergia com o Programa \u00c1gua Doce, voltado ao uso de dessalinizadores para abastecer comunidades rurais. Dessa forma, o Programa de Ci\u00eancia, Tecnologia e Inova\u00e7\u00e3o para Seguran\u00e7a Alimentar e Erradica\u00e7\u00e3o da Fome, do MCTI incorporou o projeto.<\/p>\n<p>O financiamento, proveniente do Fundo Nacional de Desenvolvimento de Ci\u00eancia e Tecnologia (FNDCT), foi viabilizado por meio de encomenda tecnol\u00f3gica, modalidade de contrata\u00e7\u00e3o direta destinada a institui\u00e7\u00f5es com expertise comprovada. De acordo com Porto, a escolha da Embrapa se deu por esta deter um \u201c<em>know-how<\/em>\u00a0hist\u00f3rico e consolidado em agricultura biossalina\u201d.<\/p>\n<p>Com dura\u00e7\u00e3o prevista de tr\u00eas anos, a execu\u00e7\u00e3o do projeto ocorrer\u00e1 em parceria com a Finep, respons\u00e1vel pela opera\u00e7\u00e3o dos recursos, e com a Funarbe, encarregada da gest\u00e3o financeira.<\/p>\n<p><em>*Sob supervis\u00e3o de Luis Roberto Toledo<\/em><\/p>\n<\/p><\/div>\n<p><br \/>\n<br \/><a href=\"https:\/\/www.canalrural.com.br\/agricultura\/agricultura-biossalina-auxilia-no-combate-a-escassez-hidrica-no-semiarido\/\">Source link <\/a><\/p>\n","protected":false},"excerpt":{"rendered":"<p>Durante o Semi\u00e1rido Show 2025, em Petrolina (PE), foi anunciado um refor\u00e7o para o enfrentamento \u00e0 escassez h\u00eddrica no bioma.<\/p>\n","protected":false},"author":1,"featured_media":20530,"comment_status":"open","ping_status":"open","sticky":false,"template":"","format":"standard","meta":{"_monsterinsights_skip_tracking":false,"_monsterinsights_sitenote_active":false,"_monsterinsights_sitenote_note":"","_monsterinsights_sitenote_category":0,"_uf_show_specific_survey":0,"_uf_disable_surveys":false,"footnotes":""},"categories":[1],"tags":[],"class_list":["post-20529","post","type-post","status-publish","format-standard","has-post-thumbnail","hentry","category-news"],"_links":{"self":[{"href":"https:\/\/agromt.news\/index.php?rest_route=\/wp\/v2\/posts\/20529"}],"collection":[{"href":"https:\/\/agromt.news\/index.php?rest_route=\/wp\/v2\/posts"}],"about":[{"href":"https:\/\/agromt.news\/index.php?rest_route=\/wp\/v2\/types\/post"}],"author":[{"embeddable":true,"href":"https:\/\/agromt.news\/index.php?rest_route=\/wp\/v2\/users\/1"}],"replies":[{"embeddable":true,"href":"https:\/\/agromt.news\/index.php?rest_route=%2Fwp%2Fv2%2Fcomments&post=20529"}],"version-history":[{"count":0,"href":"https:\/\/agromt.news\/index.php?rest_route=\/wp\/v2\/posts\/20529\/revisions"}],"wp:featuredmedia":[{"embeddable":true,"href":"https:\/\/agromt.news\/index.php?rest_route=\/wp\/v2\/media\/20530"}],"wp:attachment":[{"href":"https:\/\/agromt.news\/index.php?rest_route=%2Fwp%2Fv2%2Fmedia&parent=20529"}],"wp:term":[{"taxonomy":"category","embeddable":true,"href":"https:\/\/agromt.news\/index.php?rest_route=%2Fwp%2Fv2%2Fcategories&post=20529"},{"taxonomy":"post_tag","embeddable":true,"href":"https:\/\/agromt.news\/index.php?rest_route=%2Fwp%2Fv2%2Ftags&post=20529"}],"curies":[{"name":"wp","href":"https:\/\/api.w.org\/{rel}","templated":true}]}}