{"id":20527,"date":"2025-09-20T12:38:58","date_gmt":"2025-09-20T16:38:58","guid":{"rendered":"https:\/\/agromt.news\/?p=20527"},"modified":"2025-09-20T12:38:58","modified_gmt":"2025-09-20T16:38:58","slug":"produtores-baianos-se-adaptam-para-garantir-produtividade-da-soja","status":"publish","type":"post","link":"https:\/\/agromt.news\/?p=20527","title":{"rendered":"Produtores baianos se adaptam para garantir produtividade da soja"},"content":{"rendered":"<p> <br \/>\n<br \/><img decoding=\"async\" src=\"https:\/\/agromt.news\/wp-content\/uploads\/2025\/09\/Produtores-baianos-se-adaptam-para-garantir-produtividade-da-soja.jpg\" \/><\/p>\n<div>\n<p>No <a href=\"https:\/\/www.canalrural.com.br\/agricultura\/projeto-soja-brasil\/do-plantio-a-colheita-programa-soja-brasil-e-ponto-de-encontro-do-produtor-rural\/\">\u00faltimo <\/a>programa <a href=\"https:\/\/www.youtube.com\/watch?v=3TsZeARuXyQ\">Soja Brasil<\/a>, exibido nesta sexta-feira (19), o presidente da Aprosoja Bahia, Darci Salvetti, destacou como os produtores baianos t\u00eam enfrentado um ano desafiador, marcado por limita\u00e7\u00f5es financeiras e mudan\u00e7as clim\u00e1ticas. Ele ressaltou que, mesmo diante de dificuldades, os sojicultores seguem investindo em tecnologia e boas pr\u00e1ticas agr\u00edcolas para garantir a produtividade e a sustentabilidade das lavouras.<\/p>\n<ul class=\"wp-block-list\">\n<li><strong><em>Fique por dentro das novidades e not\u00edcias recentes sobre a soja! Participe da nossa comunidade atrav\u00e9s do\u00a0<a href=\"https:\/\/chat.whatsapp.com\/BmMRwA0TZ2DHGyhzoaVEWu\">link<\/a>! \ud83c\udf31<\/em><\/strong><\/li>\n<\/ul>\n<h3 class=\"wp-block-heading\" id=\"h-sucesso-depende-de-cautela-e-conhecimento-do-solo\">Sucesso depende de cautela e conhecimento do solo<\/h3>\n<p>\u201cNosso produtor baiano, e tenho certeza que o brasileiro tamb\u00e9m, est\u00e1 cada vez mais comprometido em melhorar sua produ\u00e7\u00e3o. Conhecer o perfil do solo \u00e9 fundamental, assim como fazer an\u00e1lises detalhadas para aplicar corretamente os micronutrientes e fertilizantes\u201d, afirmou Salvetti.<\/p>\n<h3 class=\"wp-block-heading\" id=\"h-dificuldades\">Dificuldades<\/h3>\n<p>Ele observou que 2025 segue como um ano financeiro at\u00edpico, exigindo adapta\u00e7\u00f5es. \u201cO produtor baiano buscou todas as alternativas para melhorar suas \u00e1reas, aplicando o adubo necess\u00e1rio ou, em alguns casos, um pouco abaixo do ideal por conta das condi\u00e7\u00f5es financeiras deste ano. Os financiamentos n\u00e3o aconteceram como esper\u00e1vamos\u201d, disse.<\/p>\n<h3 class=\"wp-block-heading\" id=\"h-chuvas-nas-lavouras-de-soja\">Chuvas nas lavouras de soja<\/h3>\n<p>Apesar dos desafios, Salvetti destacou as boas condi\u00e7\u00f5es clim\u00e1ticas. \u201cTivemos chuvas \u00f3timas ap\u00f3s a colheita. Conseguimos fazer uma boa palhada e melhorar nossas lavouras com o plantio de braqui\u00e1rias, milheto e sorgo, garantindo um ganho importante de palhada para a regi\u00e3o\u201d, finalizou.<\/p>\n<h3 class=\"wp-block-heading\" id=\"h-inicio-dos-trabalhos-da-safra-de-soja-25-26\">In\u00edcio dos trabalhos da safra de soja 25\/26<\/h3>\n<p>Vale lembrar que o fim do vazio sanit\u00e1rio da soja, per\u00edodo em que h\u00e1 restri\u00e7\u00e3o ao plantio para controle da ferrugem asi\u00e1tica, ocorreu na Regi\u00e3o 2 da Bahia em 14 de setembro, abrindo caminho para o in\u00edcio da pr\u00f3xima safra.<\/p>\n<p>Assista ao epis\u00f3dio:<\/p>\n<p><iframe title=\"Safra 25\/26: consultoria eleva produ\u00e7\u00e3o de soja para mais de 180 milh\u00f5es de toneladas - Ep 39\" width=\"800\" height=\"450\" src=\"https:\/\/www.youtube.com\/embed\/3TsZeARuXyQ?feature=oembed\" frameborder=\"0\" allow=\"accelerometer; autoplay; clipboard-write; encrypted-media; gyroscope; picture-in-picture; web-share\" referrerpolicy=\"strict-origin-when-cross-origin\" allowfullscreen><\/iframe>\n\t<\/div>\n<p><br \/>\n<br \/><a href=\"https:\/\/www.canalrural.com.br\/agricultura\/projeto-soja-brasil\/produtores-baianos-se-adaptam-para-garantir-produtividade-da-soja\/\">Source link <\/a><\/p>\n","protected":false},"excerpt":{"rendered":"<p>No \u00faltimo programa Soja Brasil, exibido nesta sexta-feira (19), o presidente da Aprosoja Bahia, Darci Salvetti, destacou como os produtores<\/p>\n","protected":false},"author":1,"featured_media":20528,"comment_status":"open","ping_status":"open","sticky":false,"template":"","format":"standard","meta":{"_monsterinsights_skip_tracking":false,"_monsterinsights_sitenote_active":false,"_monsterinsights_sitenote_note":"","_monsterinsights_sitenote_category":0,"_uf_show_specific_survey":0,"_uf_disable_surveys":false,"footnotes":""},"categories":[1],"tags":[],"class_list":["post-20527","post","type-post","status-publish","format-standard","has-post-thumbnail","hentry","category-news"],"_links":{"self":[{"href":"https:\/\/agromt.news\/index.php?rest_route=\/wp\/v2\/posts\/20527"}],"collection":[{"href":"https:\/\/agromt.news\/index.php?rest_route=\/wp\/v2\/posts"}],"about":[{"href":"https:\/\/agromt.news\/index.php?rest_route=\/wp\/v2\/types\/post"}],"author":[{"embeddable":true,"href":"https:\/\/agromt.news\/index.php?rest_route=\/wp\/v2\/users\/1"}],"replies":[{"embeddable":true,"href":"https:\/\/agromt.news\/index.php?rest_route=%2Fwp%2Fv2%2Fcomments&post=20527"}],"version-history":[{"count":0,"href":"https:\/\/agromt.news\/index.php?rest_route=\/wp\/v2\/posts\/20527\/revisions"}],"wp:featuredmedia":[{"embeddable":true,"href":"https:\/\/agromt.news\/index.php?rest_route=\/wp\/v2\/media\/20528"}],"wp:attachment":[{"href":"https:\/\/agromt.news\/index.php?rest_route=%2Fwp%2Fv2%2Fmedia&parent=20527"}],"wp:term":[{"taxonomy":"category","embeddable":true,"href":"https:\/\/agromt.news\/index.php?rest_route=%2Fwp%2Fv2%2Fcategories&post=20527"},{"taxonomy":"post_tag","embeddable":true,"href":"https:\/\/agromt.news\/index.php?rest_route=%2Fwp%2Fv2%2Ftags&post=20527"}],"curies":[{"name":"wp","href":"https:\/\/api.w.org\/{rel}","templated":true}]}}