{"id":20526,"date":"2025-09-20T12:32:02","date_gmt":"2025-09-20T16:32:02","guid":{"rendered":"https:\/\/agromt.news\/?p=20526"},"modified":"2025-09-20T12:32:02","modified_gmt":"2025-09-20T16:32:02","slug":"iipr-tem-alta-em-agosto-mas-acumulado-aponta-deflacao","status":"publish","type":"post","link":"https:\/\/agromt.news\/?p=20526","title":{"rendered":"IIPR tem alta em agosto, mas acumulado aponta defla\u00e7\u00e3o"},"content":{"rendered":"<p> <br \/>\n<\/p>\n<div>\n<div class=\"row\">\n<div class=\"col-lg col-infos mt-0 mt-lg-0\">\n<div class=\"section-sub-title\">\n<p itemprop=\"description\">&#13;<br \/>\n                                Alta dos pre\u00e7os ao produtor em agosto contrasta com defla\u00e7\u00e3o anual no RS&#13;\n                            <\/p>\n<\/p><\/div>\n<div class=\"container\">\n<div class=\"row\">\n<div class=\"col-lg p-0\">\n<div>\n<div class=\"block-news-main-infos mt-3 text-start\">\n<p>                                            <strong class=\"fn\" itemprop=\"author\" style=\"color: rgb(112, 112, 112); \">&#13;<br \/>\n                                                <a href=\"https:\/\/www.farsul.org.br\/farsul\/iipr-tem-alta-em-agosto-mas-acumulado-aponta-deflacao,460344.jhtml\" class=\"text-uppercase\" target=\"_blank\" style=\"color: rgb(112, 112, 112); \" rel=\"noopener\">FARSUL<\/a>&#13;<br \/>\n&#13;<br \/>\n&#13;<br \/>\n                                            <\/strong><br \/>\n                                        <\/p>\n<p>                                            <abbr><time datetime=\"2025 - 09 - 19T06:19\" itemprop=\"datePublished dateModified\"> Publicado em 19\/09\/2025 \u00e0s 06:19h.<\/time><\/abbr>\n                                    <\/div>\n<\/p><\/div>\n<\/p><\/div>\n<div class=\"col-lg p-0 text-lg-end\">\n<div>\n<div id=\"mdEnviarPagina\" class=\"modal fade\" role=\"dialog\">\n<div class=\"modal-dialog\">\n<div class=\"modal-content\">\n<div class=\"modal-body\">\n<p><strong>Estimado usu\u00e1rio.<\/strong><br \/>Preencha o formul\u00e1rio abaixo para remeter a p\u00e1gina.<\/p>\n<\/p><\/div>\n<\/p><\/div>\n<\/p><\/div>\n<\/div><\/div>\n<\/p><\/div>\n<\/p><\/div>\n<\/p><\/div>\n<\/p><\/div>\n<\/p><\/div>\n<div class=\"row justify-content-md-center mt-3\">\n<div class=\"col-lg-auto col-image block-news-main-image\">\n<p>                                <img decoding=\"async\" src=\"https:\/\/www.agrolink.com.br\/upload\/imagens-resizes\/4208bfb9d3b849bd8a0a63deafe0fae9_858x483.jpg\" class=\"lazyload img-fluid\"\/><br \/>\n                                                <span class=\"publicity-photo d-block mt-1\">Foto: Canva<\/span><\/p><\/div>\n<\/p><\/div>\n<div class=\"section-description section-description-noticias mt-3\">\n<p><span><span>Ap\u00f3s uma sequ\u00eancia de perguntas consecutivas, o \u00cdndice dos Pre\u00e7os Recebidos pelos Produtores Rurais do Rio Grande do Sul (IIPR) registrado em alta em agosto de 2025, conforme relat\u00f3rio mensal divulgado pela Assessoria Econ\u00f4mica da Farsul. nesta quinta-feira (18\/9). O indicador registrou infla\u00e7\u00e3o de 2,39% no \u00faltimo m\u00eas. Apesar da eleva\u00e7\u00e3o no \u00faltimo m\u00eas, o acumulado em 12 meses indica retra\u00e7\u00e3o, atingindo -8,52%.<\/span><\/span>&#13;\n<\/p>\n<p><span><span>A alta do pre\u00e7o em agosto foi impulsionada, principalmente, pelo aumento no pre\u00e7o da soja, que refletiu as novas estimativas de estoques globais divulgadas pelo Departamento de Agricultura dos Estados Unidos (USDA). J\u00e1 no acumulado em um ano, o resultado aponta um descompasso com o IPCA Alimentos que tem alta de 7,42%. A diferen\u00e7a evidencia que as recentes press\u00f5es inflacion\u00e1rias do IPCA Alimentos decorrem de outros fatores ao longo da cadeia de produ\u00e7\u00e3o e comercializa\u00e7\u00e3o, e n\u00e3o apenas o pre\u00e7o recebido pelo produtor.<\/span><\/span><\/p>\n<p><span><span>Os custos de produ\u00e7\u00e3o tamb\u00e9m tiveram alta em agosto. O \u00cdndice de Infla\u00e7\u00e3o dos Custos de Produ\u00e7\u00e3o (IICP) registrou aumento de 0,1% em rela\u00e7\u00e3o a julho. A queda de 1,7% da taxa de c\u00e2mbio favoreceu a retra\u00e7\u00e3o dos pre\u00e7os dos fertilizantes e herbicidas, mas esse rompimento foi compensado pelo aumento do custo com sementes, especialmente de soja e milho, em um movimento sazonal t\u00edpico do per\u00edodo que antecede o plantio da pr\u00f3xima safra.<\/span><\/span>&#13;\n<\/p>\n<p><span><span>No acumulado de 12 meses, o IICP acumulou infla\u00e7\u00e3o de 0,58%. Apesar da queda observada em agosto, os fertilizantes ainda acumularam alta m\u00e9dia de 10% no per\u00edodo. Em contrapartida, os custos com supervis\u00e3o recuaram influenciados pelo pagamento dos b\u00f4nus de Itaipu.<\/span><\/span><\/p>\n<\/p><\/div>\n<\/p><\/div>\n<p><script data-cfasync=\"false\">\n    !function (f, b, e, v, n, t, s) {\n        if (f.fbq) return; n = f.fbq = function () {\n            n.callMethod ?\n                n.callMethod.apply(n, arguments) : n.queue.push(arguments)\n        };\n        if (!f._fbq) f._fbq = n; n.push = n; n.loaded = !0; n.version = '2.0';\n        n.queue = []; t = b.createElement(e); t.async = !0;\n        t.src = v; s = b.getElementsByTagName(e)[0];\n        s.parentNode.insertBefore(t, s)\n    }(window, document, 'script',\n        'https:\/\/connect.facebook.net\/en_US\/fbevents.js');\n    fbq('init', '522546078623747');\n    fbq('track', 'PageView');\n<\/script><br \/>\n<br \/><br \/>\n<br \/><a href=\"https:\/\/www.agrolink.com.br\/noticias\/iipr-tem-alta-em-agosto--mas-acumulado-aponta-deflacao_506146.html\">Source link <\/a><\/p>\n","protected":false},"excerpt":{"rendered":"<p>&#13; Alta dos pre\u00e7os ao produtor em agosto contrasta com defla\u00e7\u00e3o anual no RS&#13; &#13; FARSUL&#13; &#13; &#13; Publicado em<\/p>\n","protected":false},"author":1,"featured_media":1937,"comment_status":"open","ping_status":"open","sticky":false,"template":"","format":"standard","meta":{"_monsterinsights_skip_tracking":false,"_monsterinsights_sitenote_active":false,"_monsterinsights_sitenote_note":"","_monsterinsights_sitenote_category":0,"_uf_show_specific_survey":0,"_uf_disable_surveys":false,"footnotes":""},"categories":[8,1,14],"tags":[],"class_list":["post-20526","post","type-post","status-publish","format-standard","has-post-thumbnail","hentry","category-agro","category-news","category-politica-agro"],"_links":{"self":[{"href":"https:\/\/agromt.news\/index.php?rest_route=\/wp\/v2\/posts\/20526"}],"collection":[{"href":"https:\/\/agromt.news\/index.php?rest_route=\/wp\/v2\/posts"}],"about":[{"href":"https:\/\/agromt.news\/index.php?rest_route=\/wp\/v2\/types\/post"}],"author":[{"embeddable":true,"href":"https:\/\/agromt.news\/index.php?rest_route=\/wp\/v2\/users\/1"}],"replies":[{"embeddable":true,"href":"https:\/\/agromt.news\/index.php?rest_route=%2Fwp%2Fv2%2Fcomments&post=20526"}],"version-history":[{"count":0,"href":"https:\/\/agromt.news\/index.php?rest_route=\/wp\/v2\/posts\/20526\/revisions"}],"wp:featuredmedia":[{"embeddable":true,"href":"https:\/\/agromt.news\/index.php?rest_route=\/wp\/v2\/media\/1937"}],"wp:attachment":[{"href":"https:\/\/agromt.news\/index.php?rest_route=%2Fwp%2Fv2%2Fmedia&parent=20526"}],"wp:term":[{"taxonomy":"category","embeddable":true,"href":"https:\/\/agromt.news\/index.php?rest_route=%2Fwp%2Fv2%2Fcategories&post=20526"},{"taxonomy":"post_tag","embeddable":true,"href":"https:\/\/agromt.news\/index.php?rest_route=%2Fwp%2Fv2%2Ftags&post=20526"}],"curies":[{"name":"wp","href":"https:\/\/api.w.org\/{rel}","templated":true}]}}