{"id":20522,"date":"2025-09-20T10:39:08","date_gmt":"2025-09-20T14:39:08","guid":{"rendered":"https:\/\/agromt.news\/?p=20522"},"modified":"2025-09-20T10:39:08","modified_gmt":"2025-09-20T14:39:08","slug":"fragrancias-criadas-a-partir-do-cafe-sao-nova-aposta-do-mercado","status":"publish","type":"post","link":"https:\/\/agromt.news\/?p=20522","title":{"rendered":"Fragr\u00e2ncias criadas a partir do caf\u00e9 s\u00e3o nova aposta do mercado"},"content":{"rendered":"<p> <br \/>\n<br \/><img decoding=\"async\" src=\"https:\/\/agromt.news\/wp-content\/uploads\/2025\/09\/Fragrancias-criadas-a-partir-do-cafe-sao-nova-aposta-do.jpg\" \/><\/p>\n<div>\n<p>O Brasil, maior produtor e exportador do mundo de <a href=\"https:\/\/www.canalrural.com.br\/agricultura\/cafe\/\">caf\u00e9<\/a>, segue em expans\u00e3o: segundo levantamento da Safra de Cafeicultura 2025, realizado pela Conab e divulgado pelo Observat\u00f3rio do Caf\u00e9 (Embrapa), a produ\u00e7\u00e3o nacional para o ano-cafeeiro de 2025 est\u00e1 estimada em 55,67 milh\u00f5es de sacas de 60kg, um crescimento de 2,7% em rela\u00e7\u00e3o a 2024.<\/p>\n<p>Al\u00e9m de inspirar experi\u00eancias gastron\u00f4micas, o caf\u00e9 tamb\u00e9m revela um lado pouco conhecido: suas flores brancas e perfumadas s\u00e3o a mat\u00e9ria-prima de fragr\u00e2ncias.<\/p>\n<p>A floresc\u00eancia do arbusto surge apenas uma vez ao ano, entre setembro e novembro, e permanece aberta por no m\u00e1ximo 48 horas. <\/p>\n<p>\u201cCom notas delicadas e \u00fanicas, a flora\u00e7\u00e3o \u00e9 colhida manualmente, num procedimento artesanal que exige precis\u00e3o e cuidado. Trata-se de uma mat\u00e9ria-prima rara, que traz exclusividade \u00e0s formula\u00e7\u00f5es de ess\u00eancias e difusores de ambiente\u201d, explica a farmac\u00eautica Vanessa Vilela, CEO da empresa mineira Kapeh.<\/p>\n<h2 class=\"wp-block-heading\" id=\"h-como-o-cafe-vira-essencia\"><strong>Como o caf\u00e9 vira ess\u00eancia<\/strong><\/h2>\n<p>O m\u00e9todo para transformar a florada ef\u00eamera em fragr\u00e2ncia \u00e9 inteiramente manual. Ap\u00f3s a colheita, feita em poucas horas devido \u00e0 curta durabilidade da planta, \u00e9 realizada a extra\u00e7\u00e3o por t\u00e9cnica moderna de enfleurage, que utiliza \u00f3leos vegetais ou solventes naturais para capturar o aroma. <\/p>\n<p>O resultado \u00e9 um extrato altamente concentrado, conhecido como absoluto da floresc\u00eancia, que serve de base para perfumes e ambientadores. Segundo a especialista, o procedimento \u00e9 importante para preservar a identidade olfativa.<\/p>\n<p>\u201cA extra\u00e7\u00e3o precisa respeitar o tempo da p\u00e9tala, mantendo seu <em>bouquet<\/em> natural sem interfer\u00eancias qu\u00edmicas pesadas. Esse cuidado garante uma nota floral rara, fresca e sofisticada, com forte v\u00ednculo \u00e0 identidade brasileira\u201d, afirma.<\/p>\n<p><em>*Sob supervis\u00e3o de Luis Roberto Toledo<\/em><\/p>\n<\/p><\/div>\n<p><br \/>\n<br \/><a href=\"https:\/\/www.canalrural.com.br\/agricultura\/fragrancias-criadas-a-partir-do-cafe-sao-a-nova-aposta-do-mercado\/\">Source link <\/a><\/p>\n","protected":false},"excerpt":{"rendered":"<p>O Brasil, maior produtor e exportador do mundo de caf\u00e9, segue em expans\u00e3o: segundo levantamento da Safra de Cafeicultura 2025,<\/p>\n","protected":false},"author":1,"featured_media":20523,"comment_status":"open","ping_status":"open","sticky":false,"template":"","format":"standard","meta":{"_monsterinsights_skip_tracking":false,"_monsterinsights_sitenote_active":false,"_monsterinsights_sitenote_note":"","_monsterinsights_sitenote_category":0,"_uf_show_specific_survey":0,"_uf_disable_surveys":false,"footnotes":""},"categories":[1],"tags":[],"class_list":["post-20522","post","type-post","status-publish","format-standard","has-post-thumbnail","hentry","category-news"],"_links":{"self":[{"href":"https:\/\/agromt.news\/index.php?rest_route=\/wp\/v2\/posts\/20522"}],"collection":[{"href":"https:\/\/agromt.news\/index.php?rest_route=\/wp\/v2\/posts"}],"about":[{"href":"https:\/\/agromt.news\/index.php?rest_route=\/wp\/v2\/types\/post"}],"author":[{"embeddable":true,"href":"https:\/\/agromt.news\/index.php?rest_route=\/wp\/v2\/users\/1"}],"replies":[{"embeddable":true,"href":"https:\/\/agromt.news\/index.php?rest_route=%2Fwp%2Fv2%2Fcomments&post=20522"}],"version-history":[{"count":0,"href":"https:\/\/agromt.news\/index.php?rest_route=\/wp\/v2\/posts\/20522\/revisions"}],"wp:featuredmedia":[{"embeddable":true,"href":"https:\/\/agromt.news\/index.php?rest_route=\/wp\/v2\/media\/20523"}],"wp:attachment":[{"href":"https:\/\/agromt.news\/index.php?rest_route=%2Fwp%2Fv2%2Fmedia&parent=20522"}],"wp:term":[{"taxonomy":"category","embeddable":true,"href":"https:\/\/agromt.news\/index.php?rest_route=%2Fwp%2Fv2%2Fcategories&post=20522"},{"taxonomy":"post_tag","embeddable":true,"href":"https:\/\/agromt.news\/index.php?rest_route=%2Fwp%2Fv2%2Ftags&post=20522"}],"curies":[{"name":"wp","href":"https:\/\/api.w.org\/{rel}","templated":true}]}}