{"id":20521,"date":"2025-09-20T10:35:42","date_gmt":"2025-09-20T14:35:42","guid":{"rendered":"https:\/\/agromt.news\/?p=20521"},"modified":"2025-09-20T10:35:42","modified_gmt":"2025-09-20T14:35:42","slug":"irga-fortalece-parceria-com-fedearroz-em-missao-tecnica-na-colombia-e-recebe-visita-da-federarroz-brasil","status":"publish","type":"post","link":"https:\/\/agromt.news\/?p=20521","title":{"rendered":"IRGA fortalece parceria com Fedearroz em miss\u00e3o t\u00e9cnica na Col\u00f4mbia e recebe visita da Federarroz Brasil"},"content":{"rendered":"<p> <br \/>\n<\/p>\n<div>\n<div class=\"row\">\n<div class=\"col-lg col-infos mt-0 mt-lg-0\">\n<div class=\"section-sub-title\">\n<p itemprop=\"description\">&#13;<br \/>\n                                IRGA e Federarroz discutem inova\u00e7\u00e3o e pr\u00e1ticas vistas em miss\u00e3o t\u00e9cnica na Col\u00f4mbia&#13;\n                            <\/p>\n<\/p><\/div>\n<div class=\"container\">\n<div class=\"row\">\n<div class=\"col-lg p-0\">\n<div>\n<div class=\"block-news-main-infos mt-3 text-start\">\n<p>                                            <strong class=\"fn\" itemprop=\"author\" style=\"color: rgb(112, 112, 112); \">&#13;<br \/>\n                                                <a href=\"https:\/\/irga.rs.gov.br\/irga-fortalece-parceria-com-fedearroz-em-missao-tecnica-na-colombia-e-recebe-visita-da-federarroz-brasil\" class=\"text-uppercase\" target=\"_blank\" style=\"color: rgb(112, 112, 112); \" rel=\"noopener\">Irga<\/a>&#13;<br \/>\n&#13;<br \/>\n&#13;<br \/>\n                                            <\/strong><br \/>\n                                        <\/p>\n<p>                                            <abbr><time datetime=\"2025 - 09 - 19T06:19\" itemprop=\"datePublished dateModified\"> Publicado em 19\/09\/2025 \u00e0s 06:19h.<\/time><\/abbr>\n                                    <\/div>\n<\/p><\/div>\n<\/p><\/div>\n<div class=\"col-lg p-0 text-lg-end\">\n<div>\n<div id=\"mdEnviarPagina\" class=\"modal fade\" role=\"dialog\">\n<div class=\"modal-dialog\">\n<div class=\"modal-content\">\n<div class=\"modal-body\">\n<p><strong>Estimado usu\u00e1rio.<\/strong><br \/>Preencha o formul\u00e1rio abaixo para remeter a p\u00e1gina.<\/p>\n<\/p><\/div>\n<\/p><\/div>\n<\/p><\/div>\n<\/div><\/div>\n<\/p><\/div>\n<\/p><\/div>\n<\/p><\/div>\n<\/p><\/div>\n<\/p><\/div>\n<div class=\"row justify-content-md-center mt-3\">\n<div class=\"col-lg-auto col-image block-news-main-image\">\n<p>                                <img decoding=\"async\" src=\"https:\/\/www.agrolink.com.br\/upload\/imagens-resizes\/a445d2bd0dd549a8973f2078e014b7bb_858x483.jpg\" class=\"lazyload img-fluid\"\/><br \/>\n                                                <span class=\"publicity-photo d-block mt-1\">Foto: Divulga\u00e7\u00e3o<\/span><\/p><\/div>\n<\/p><\/div>\n<div class=\"section-description section-description-noticias mt-3\">\n<p><span><span><span>Nesta quinta-feira (18), o Instituto Rio Grandense do Arroz (Irga) recebeu a visita institucional da Federarroz. A agenda, com car\u00e1ter t\u00e9cnico e estrat\u00e9gico, teve como objetivo apresentar os resultados da miss\u00e3o realizada na Col\u00f4mbia e discutir a aplica\u00e7\u00e3o pr\u00e1tica das experi\u00eancias observadas, promovendo o fortalecimento da ind\u00fastria oriz\u00edcola do Rio Grande do Sul.<\/span><\/span><\/span>&#13;\n<\/p>\n<p><span><span><span>Durante o encontro, foram apresentadas pr\u00e1ticas e avan\u00e7os tecnol\u00f3gicos que fazem parte da rotina da produ\u00e7\u00e3o da arrozeira colombiana, muitos dos quais foram inspirados nas experi\u00eancias ga\u00fachas. A reuni\u00e3o refor\u00e7ou o interc\u00e2mbio de conhecimento e destacou a import\u00e2ncia de adapta\u00e7\u00e3o de solu\u00e7\u00f5es internacionais para a realidade do estado, garantindo inova\u00e7\u00e3o, sustentabilidade e competitividade \u00e0 cadeia produtiva local.<\/span><\/span><\/span>&#13;\n<\/p>\n<p><span><span><span>&#8220;A experi\u00eancia proporcionou uma sequ\u00eancia positiva de compartilhamento de conhecimento, contato com avan\u00e7os tecnol\u00f3gicos e troca cultural, ampliando o di\u00e1logo entre Brasil e Col\u00f4mbia no setor arrozeiro. A aproxima\u00e7\u00e3o refor\u00e7a o compromisso do Instituto em buscar solu\u00e7\u00f5es inovadoras e pr\u00e1ticas sustent\u00e1veis ??para a orizicultura ga\u00facha&#8221;, refor\u00e7ou o presidente do IRGA, Eduardo Bonotto.<\/span><\/span><\/span>&#13;\n<\/p>\n<p>\u00a0<\/p>\n<\/p><\/div>\n<\/p><\/div>\n<p><script data-cfasync=\"false\">\n    !function (f, b, e, v, n, t, s) {\n        if (f.fbq) return; n = f.fbq = function () {\n            n.callMethod ?\n                n.callMethod.apply(n, arguments) : n.queue.push(arguments)\n        };\n        if (!f._fbq) f._fbq = n; n.push = n; n.loaded = !0; n.version = '2.0';\n        n.queue = []; t = b.createElement(e); t.async = !0;\n        t.src = v; s = b.getElementsByTagName(e)[0];\n        s.parentNode.insertBefore(t, s)\n    }(window, document, 'script',\n        'https:\/\/connect.facebook.net\/en_US\/fbevents.js');\n    fbq('init', '522546078623747');\n    fbq('track', 'PageView');\n<\/script><br \/>\n<br \/><br \/>\n<br \/><a href=\"https:\/\/www.agrolink.com.br\/noticias\/irga-fortalece-parceria-com-fedearroz-em-missao-tecnica-na-colombia-e-recebe-visita-da-federarroz-brasil_506145.html\">Source link <\/a><\/p>\n","protected":false},"excerpt":{"rendered":"<p>&#13; IRGA e Federarroz discutem inova\u00e7\u00e3o e pr\u00e1ticas vistas em miss\u00e3o t\u00e9cnica na Col\u00f4mbia&#13; &#13; Irga&#13; &#13; &#13; Publicado em<\/p>\n","protected":false},"author":1,"featured_media":9910,"comment_status":"open","ping_status":"open","sticky":false,"template":"","format":"standard","meta":{"_monsterinsights_skip_tracking":false,"_monsterinsights_sitenote_active":false,"_monsterinsights_sitenote_note":"","_monsterinsights_sitenote_category":0,"_uf_show_specific_survey":0,"_uf_disable_surveys":false,"footnotes":""},"categories":[8,1,14],"tags":[],"class_list":["post-20521","post","type-post","status-publish","format-standard","has-post-thumbnail","hentry","category-agro","category-news","category-politica-agro"],"_links":{"self":[{"href":"https:\/\/agromt.news\/index.php?rest_route=\/wp\/v2\/posts\/20521"}],"collection":[{"href":"https:\/\/agromt.news\/index.php?rest_route=\/wp\/v2\/posts"}],"about":[{"href":"https:\/\/agromt.news\/index.php?rest_route=\/wp\/v2\/types\/post"}],"author":[{"embeddable":true,"href":"https:\/\/agromt.news\/index.php?rest_route=\/wp\/v2\/users\/1"}],"replies":[{"embeddable":true,"href":"https:\/\/agromt.news\/index.php?rest_route=%2Fwp%2Fv2%2Fcomments&post=20521"}],"version-history":[{"count":0,"href":"https:\/\/agromt.news\/index.php?rest_route=\/wp\/v2\/posts\/20521\/revisions"}],"wp:featuredmedia":[{"embeddable":true,"href":"https:\/\/agromt.news\/index.php?rest_route=\/wp\/v2\/media\/9910"}],"wp:attachment":[{"href":"https:\/\/agromt.news\/index.php?rest_route=%2Fwp%2Fv2%2Fmedia&parent=20521"}],"wp:term":[{"taxonomy":"category","embeddable":true,"href":"https:\/\/agromt.news\/index.php?rest_route=%2Fwp%2Fv2%2Fcategories&post=20521"},{"taxonomy":"post_tag","embeddable":true,"href":"https:\/\/agromt.news\/index.php?rest_route=%2Fwp%2Fv2%2Ftags&post=20521"}],"curies":[{"name":"wp","href":"https:\/\/api.w.org\/{rel}","templated":true}]}}