{"id":20506,"date":"2025-09-19T22:55:56","date_gmt":"2025-09-20T02:55:56","guid":{"rendered":"https:\/\/agromt.news\/?p=20506"},"modified":"2025-09-19T22:55:56","modified_gmt":"2025-09-20T02:55:56","slug":"soja-recua-em-chicago-diante-de-estimativa-de-safra","status":"publish","type":"post","link":"https:\/\/agromt.news\/?p=20506","title":{"rendered":"Soja recua em Chicago diante de estimativa de safra"},"content":{"rendered":"<p> <br \/>\n<\/p>\n<div>\n<p>A <a href=\"https:\/\/www.agrolink.com.br\/culturas\/soja?utm_source=agrolink-detalhe-noticia&amp;utm_medium=detalhe-noticia&amp;utm_campaign=links-internos\" target=\"_blank\" rel=\"noopener\">soja<\/a> negociada na Bolsa de Chicago encerrou o preg\u00e3o desta quinta-feira (18) em baixa, pressionada pelas estimativas de uma safra recorde no Brasil. Segundo dados da TF Agroecon\u00f4mica, o contrato para novembro caiu 0,60%, ou US$ 6,25 cents\/bushel, fechando a US$ 1.037,50. J\u00e1 o vencimento de janeiro recuou 0,61%, ou US$ 6,50 cents\/bushel, para US$ 1.056,50. No farelo, outubro fechou em baixa de 0,32%, a US$ 283,00\/ton curta, enquanto o \u00f3leo de <a href=\"https:\/\/www.agrolink.com.br\/culturas\/soja?utm_source=agrolink-detalhe-noticia&amp;utm_medium=detalhe-noticia&amp;utm_campaign=links-internos\" target=\"_blank\" rel=\"noopener\">soja<\/a> para o mesmo m\u00eas cedeu 1,31%, cotado a US$ 50,57\/libra-peso.&#13;\n<\/p>\n<p>O movimento baixista foi atribu\u00eddo a diversos fatores t\u00e9cnicos e fundamentais, incluindo a press\u00e3o sazonal da colheita nos Estados Unidos, a expectativa de safra recorde no Brasil e a aus\u00eancia de novas compras chinesas. Analistas destacam que, mesmo com o aumento de 70,58% nas vendas semanais para exporta\u00e7\u00e3o, a China permanece fora das listas americanas, o que reduz o potencial de escoamento da safra norte-americana.<\/p>\n<p>No Brasil, a Conab estimou a produ\u00e7\u00e3o de soja em 177,67 milh\u00f5es de toneladas e as exporta\u00e7\u00f5es em 112,12 milh\u00f5es de toneladas, n\u00fameros superiores aos 177 milh\u00f5es e 112 milh\u00f5es de toneladas previstos pelo USDA para a safra 2025\/26. Essas proje\u00e7\u00f5es refor\u00e7am a press\u00e3o sobre as cota\u00e7\u00f5es internacionais, j\u00e1 que o pa\u00eds deve seguir como l\u00edder no com\u00e9rcio global do gr\u00e3o.&#13;\n<\/p>\n<p>Com esse cen\u00e1rio, os pre\u00e7os em Chicago tendem a manter um vi\u00e9s de baixa no curto prazo, especialmente se as perspectivas clim\u00e1ticas permanecerem favor\u00e1veis na Am\u00e9rica do Sul e a demanda chinesa seguir limitada no mercado norte-americano. As informa\u00e7\u00f5es foram divulgadas nesta manh\u00e3.<br \/>&#13;<br \/>\n\u00a0<\/p>\n<\/p><\/div>\n<p><script data-cfasync=\"false\">\n    !function (f, b, e, v, n, t, s) {\n        if (f.fbq) return; n = f.fbq = function () {\n            n.callMethod ?\n                n.callMethod.apply(n, arguments) : n.queue.push(arguments)\n        };\n        if (!f._fbq) f._fbq = n; n.push = n; n.loaded = !0; n.version = '2.0';\n        n.queue = []; t = b.createElement(e); t.async = !0;\n        t.src = v; s = b.getElementsByTagName(e)[0];\n        s.parentNode.insertBefore(t, s)\n    }(window, document, 'script',\n        'https:\/\/connect.facebook.net\/en_US\/fbevents.js');\n    fbq('init', '522546078623747');\n    fbq('track', 'PageView');\n<\/script><br \/>\n<br \/><br \/>\n<br \/><a href=\"https:\/\/www.agrolink.com.br\/noticias\/soja-recua-em-chicago-diante-de-estimativa-de-safra_506151.html\">Source link <\/a><\/p>\n","protected":false},"excerpt":{"rendered":"<p>A soja negociada na Bolsa de Chicago encerrou o preg\u00e3o desta quinta-feira (18) em baixa, pressionada pelas estimativas de uma<\/p>\n","protected":false},"author":1,"featured_media":4379,"comment_status":"open","ping_status":"open","sticky":false,"template":"","format":"standard","meta":{"_monsterinsights_skip_tracking":false,"_monsterinsights_sitenote_active":false,"_monsterinsights_sitenote_note":"","_monsterinsights_sitenote_category":0,"_uf_show_specific_survey":0,"_uf_disable_surveys":false,"footnotes":""},"categories":[8,1,14],"tags":[],"class_list":["post-20506","post","type-post","status-publish","format-standard","has-post-thumbnail","hentry","category-agro","category-news","category-politica-agro"],"_links":{"self":[{"href":"https:\/\/agromt.news\/index.php?rest_route=\/wp\/v2\/posts\/20506"}],"collection":[{"href":"https:\/\/agromt.news\/index.php?rest_route=\/wp\/v2\/posts"}],"about":[{"href":"https:\/\/agromt.news\/index.php?rest_route=\/wp\/v2\/types\/post"}],"author":[{"embeddable":true,"href":"https:\/\/agromt.news\/index.php?rest_route=\/wp\/v2\/users\/1"}],"replies":[{"embeddable":true,"href":"https:\/\/agromt.news\/index.php?rest_route=%2Fwp%2Fv2%2Fcomments&post=20506"}],"version-history":[{"count":0,"href":"https:\/\/agromt.news\/index.php?rest_route=\/wp\/v2\/posts\/20506\/revisions"}],"wp:featuredmedia":[{"embeddable":true,"href":"https:\/\/agromt.news\/index.php?rest_route=\/wp\/v2\/media\/4379"}],"wp:attachment":[{"href":"https:\/\/agromt.news\/index.php?rest_route=%2Fwp%2Fv2%2Fmedia&parent=20506"}],"wp:term":[{"taxonomy":"category","embeddable":true,"href":"https:\/\/agromt.news\/index.php?rest_route=%2Fwp%2Fv2%2Fcategories&post=20506"},{"taxonomy":"post_tag","embeddable":true,"href":"https:\/\/agromt.news\/index.php?rest_route=%2Fwp%2Fv2%2Ftags&post=20506"}],"curies":[{"name":"wp","href":"https:\/\/api.w.org\/{rel}","templated":true}]}}