{"id":20500,"date":"2025-09-19T19:57:05","date_gmt":"2025-09-19T23:57:05","guid":{"rendered":"https:\/\/agromt.news\/?p=20500"},"modified":"2025-09-19T19:57:05","modified_gmt":"2025-09-19T23:57:05","slug":"ocorrencias-com-fogo-em-areas-urbanas-e-rurais-colocam-vidas-em-risco","status":"publish","type":"post","link":"https:\/\/agromt.news\/?p=20500","title":{"rendered":"Ocorr\u00eancias com fogo em \u00e1reas urbanas e rurais colocam vidas em risco"},"content":{"rendered":"<p> <br \/>\n<\/p>\n<div>\n<p>Um inc\u00eandio de grandes propor\u00e7\u00f5es assustou moradores de Barreiras, no Oeste da Bahia, depois que um homem foi flagrado por c\u00e2meras de seguran\u00e7a ateando fogo em um sof\u00e1. Em poucos minutos, as chamas se espalharam e atingiram uma \u00e1rea de vegeta\u00e7\u00e3o de Cerrado, colocando em risco a vida de moradores e diversas resid\u00eancias. Este \u00e9 um exemplo de como o fogo em \u00e1reas urbanas e na zona rural pode ser devastador.<\/p>\n<p>O registro \u00e9 um dos poucos flagrados, mas que se misturam com os in\u00fameros casos que acontecem em todo o Matopiba. O terceiro epis\u00f3dio da s\u00e9rie <strong>Cerrado Sem Fogo<\/strong>, mostra os impactos das queimadas em \u00e1reas rurais e urbanas. <\/p>\n<p>\u201cFoi a primeira vez que eu vi isso e a gente se assusta, n\u00e9, a gente tem medo de fogo, ent\u00e3o para as crian\u00e7as foi horr\u00edvel\u201d, contou o advogado Kelvin Vin\u00edcius Pereira, que presenciou a cena.<\/p>\n<p>As imagens, que rapidamente circularam nas redes sociais, mostram o sof\u00e1 sendo incendiado e, logo em seguida, o fogo se alastrando pela vegeta\u00e7\u00e3o seca. As \u00e1reas urbanas e rurais sofrem consequ\u00eancias diretas da falta de preven\u00e7\u00e3o.<\/p>\n<p>Segundo Kelvin, o autor do ato n\u00e3o percebeu os riscos que estavam ao redor. \u201cEnt\u00e3o, ao incendiar aqui, ele n\u00e3o prestou aten\u00e7\u00e3o que o cercava, que \u00e9 a vegeta\u00e7\u00e3o. Por ignor\u00e2ncia, acabou incendiando e esse pequeno ato queimou toda a serra\u201d, relatou o advogado. O homem foi identificado e dever\u00e1 responder por crime ambiental.<\/p>\n<figure class=\"wp-block-image size-large\"><img fetchpriority=\"high\" decoding=\"async\" width=\"1024\" height=\"561\" alt=\"homem ateando fogo em sof\u00e1 em Barreiras, Oeste da Bahia, Cerrado Sem Fogo\" class=\"wp-image-4123836\"  data-lazy- src=\"https:\/\/agromt.news\/wp-content\/uploads\/2025\/09\/Ocorrencias-com-fogo-em-areas-urbanas-e-rurais-colocam-vidas.jpg\"\/><img decoding=\"async\" width=\"1024\" height=\"561\" src=\"https:\/\/agromt.news\/wp-content\/uploads\/2025\/09\/Ocorrencias-com-fogo-em-areas-urbanas-e-rurais-colocam-vidas.jpg\" alt=\"homem ateando fogo em sof\u00e1 em Barreiras, Oeste da Bahia, Cerrado Sem Fogo\" class=\"wp-image-4123836\"  \/><figcaption class=\"wp-element-caption\">Imagem: Reprodu\u00e7\u00e3o\/Redes Sociais<\/figcaption><\/figure>\n<h2 class=\"wp-block-heading\" id=\"h-zona-rural-sem-dormir\">Zona rural sem dormir<\/h2>\n<p>Na zona rural, a mesma preocupa\u00e7\u00e3o acontece. Para moradores, al\u00e9m do medo, os inc\u00eandios florestais que atingem grandes propor\u00e7\u00f5es trouxeram noites de apreens\u00e3o por causa da fuma\u00e7a intensa que invadiu as casas. Incid\u00eancia de fogo na zona rural e urbana aumenta essa preocupa\u00e7\u00e3o.<\/p>\n<p>\u201cQuando o fogo veio ali, realmente eu fiquei apreensivo, os vizinhos todos ficaram assustados, tentaram apagar, os bombeiros vieram. Esses \u00faltimos tr\u00eas dias a fuma\u00e7a invadiu a casa, invadiu tudo, suja tudo, n\u00e3o respira legal, aqui a fuma\u00e7a pega 100%, n\u00e3o d\u00e1 pra ficar. Eu n\u00e3o consigo entender a cabe\u00e7a do ser humano que faz esse tipo de atitude. Ent\u00e3o assim, as pessoas t\u00eam que ter consci\u00eancia, cobrar o poder p\u00fablico e n\u00e3o colocar fogo, n\u00e9? Porque ainda tem a quest\u00e3o dos animais\u201d, disse o consultor de vendas e morador Jo\u00e3o Marcos Brito.<\/p>\n<figure class=\"wp-block-image size-large\"><img decoding=\"async\" width=\"1024\" height=\"580\" alt=\"inc\u00eandio florestal, barreiras, zona rural,\" class=\"wp-image-4123839\"  data-lazy- src=\"https:\/\/agromt.news\/wp-content\/uploads\/2025\/09\/1758326225_0_Ocorrencias-com-fogo-em-areas-urbanas-e-rurais-colocam-vidas.jpg\"\/><img loading=\"lazy\" decoding=\"async\" width=\"1024\" height=\"580\" src=\"https:\/\/agromt.news\/wp-content\/uploads\/2025\/09\/1758326225_0_Ocorrencias-com-fogo-em-areas-urbanas-e-rurais-colocam-vidas.jpg\" alt=\"inc\u00eandio florestal, barreiras, zona rural,\" class=\"wp-image-4123839\"  \/><figcaption class=\"wp-element-caption\">Inc\u00eandio florestal no povoado de Saco e Sap\u00e9 em Barreiras (BA) |  Imagem: Reprodu\u00e7\u00e3o<\/figcaption><\/figure>\n<h3 class=\"wp-block-heading\" id=\"h-impactos-a-saude\"><strong>Impactos \u00e0 sa\u00fade<\/strong><\/h3>\n<p>De acordo com a <strong>Organiza\u00e7\u00e3o Mundial da Sa\u00fade (OMS)<\/strong>,<strong> 99% da popula\u00e7\u00e3o mundial <\/strong>respira um ar que excede os limites estabelecidos de qualidade, com altos n\u00edveis de poluentes.<\/p>\n<p>O levantamento aponta que pa\u00edses de baixa e m\u00e9dia renda est\u00e3o entre os mais afetados. Ainda segundo a OMS, a polui\u00e7\u00e3o do ar, tanto em \u00e1reas urbanas quanto rurais, est\u00e1 relacionada a derrames, doen\u00e7as card\u00edacas, c\u00e2ncer de pulm\u00e3o e problemas respirat\u00f3rios cr\u00f4nicos, sendo respons\u00e1vel por cerca de <strong>7 milh\u00f5es de mortes prematuras por ano<\/strong>.<\/p>\n<p>O vice-presidente do Sindicato dos Produtores Rurais de Barreiras, Davi Schmidt, refor\u00e7a que os inc\u00eandios descontrolados trazem riscos tanto para a sa\u00fade humana quanto para os animais e a economia local.<\/p>\n<p>\u201cGente, fogo descontrolado pode causar danos econ\u00f4micos e \u00e0 vida, seja dos rebanhos, que est\u00e3o pastando pr\u00f3ximos ao cerrado e acabam morrendo, at\u00e9 mesmo para os residentes da comunidade rural que sofrem muito, tanto pela sa\u00fade quanto pelo risco real \u00e0s suas casas. Ent\u00e3o, pelo amor de Deus, n\u00e3o joguem lixo fora das lixeiras ou dos aterros adequados. Uma garrafa de vidro ou uma bituca de cigarro pode causar combust\u00e3o instant\u00e2nea nesse per\u00edodo de calor e seca\u201d, alertou.<\/p>\n<p>A coordenadora t\u00e9cnica do MapBiomas Fogo, Vera Arruda, lembra que o combate \u00e0s chamas exige grande esfor\u00e7o humano e financeiro, al\u00e9m de colocar em risco a vida de quem atua na linha de frente.<\/p>\n<p>\u201cA gente sabe que o combate aos inc\u00eandios \u00e9 muito custoso. S\u00e3o pessoas que est\u00e3o colocando sua vida em risco ali para fazer o combate. Ent\u00e3o acho que a mensagem \u00e9 colocar mais esfor\u00e7os na preven\u00e7\u00e3o para a gente evitar cada vez mais a\u00e7\u00f5es de combate\u201d, defendeu.<\/p>\n<h2 class=\"wp-block-heading\" id=\"h-episodios-cerrado-sem-fogo\">Epis\u00f3dios Cerrado Sem Fogo<\/h2>\n<p>Leia e assista aos epis\u00f3dios anteriores da s\u00e9rie especial:<\/p>\n<hr class=\"wp-block-separator has-alpha-channel-opacity\"\/>\n<p><em>Voc\u00ea tamb\u00e9m pode participar deixando uma sugest\u00e3o de pauta. Siga o\u00a0<a href=\"https:\/\/www.instagram.com\/canalruralbahia\/\">Canal Rural Bahia no Instagram<\/a>\u00a0e nos envie uma mensagem<\/em>.<\/p>\n<\/p><\/div>\n<p><script async src=\"\/\/www.instagram.com\/embed.js\"><\/script><br \/>\n<br \/><br \/>\n<br \/><a href=\"https:\/\/www.canalrural.com.br\/nacional\/bahia\/ocorrencias-com-fogo-em-areas-urbanas-e-rurais-colocam-vidas-em-risco\/\">Source link <\/a><\/p>\n","protected":false},"excerpt":{"rendered":"<p>Um inc\u00eandio de grandes propor\u00e7\u00f5es assustou moradores de Barreiras, no Oeste da Bahia, depois que um homem foi flagrado por<\/p>\n","protected":false},"author":1,"featured_media":20501,"comment_status":"open","ping_status":"open","sticky":false,"template":"","format":"standard","meta":{"_monsterinsights_skip_tracking":false,"_monsterinsights_sitenote_active":false,"_monsterinsights_sitenote_note":"","_monsterinsights_sitenote_category":0,"_uf_show_specific_survey":0,"_uf_disable_surveys":false,"footnotes":""},"categories":[1],"tags":[],"class_list":["post-20500","post","type-post","status-publish","format-standard","has-post-thumbnail","hentry","category-news"],"_links":{"self":[{"href":"https:\/\/agromt.news\/index.php?rest_route=\/wp\/v2\/posts\/20500"}],"collection":[{"href":"https:\/\/agromt.news\/index.php?rest_route=\/wp\/v2\/posts"}],"about":[{"href":"https:\/\/agromt.news\/index.php?rest_route=\/wp\/v2\/types\/post"}],"author":[{"embeddable":true,"href":"https:\/\/agromt.news\/index.php?rest_route=\/wp\/v2\/users\/1"}],"replies":[{"embeddable":true,"href":"https:\/\/agromt.news\/index.php?rest_route=%2Fwp%2Fv2%2Fcomments&post=20500"}],"version-history":[{"count":0,"href":"https:\/\/agromt.news\/index.php?rest_route=\/wp\/v2\/posts\/20500\/revisions"}],"wp:featuredmedia":[{"embeddable":true,"href":"https:\/\/agromt.news\/index.php?rest_route=\/wp\/v2\/media\/20501"}],"wp:attachment":[{"href":"https:\/\/agromt.news\/index.php?rest_route=%2Fwp%2Fv2%2Fmedia&parent=20500"}],"wp:term":[{"taxonomy":"category","embeddable":true,"href":"https:\/\/agromt.news\/index.php?rest_route=%2Fwp%2Fv2%2Fcategories&post=20500"},{"taxonomy":"post_tag","embeddable":true,"href":"https:\/\/agromt.news\/index.php?rest_route=%2Fwp%2Fv2%2Ftags&post=20500"}],"curies":[{"name":"wp","href":"https:\/\/api.w.org\/{rel}","templated":true}]}}