{"id":20499,"date":"2025-09-19T19:03:12","date_gmt":"2025-09-19T23:03:12","guid":{"rendered":"https:\/\/agromt.news\/?p=20499"},"modified":"2025-09-19T19:03:12","modified_gmt":"2025-09-19T23:03:12","slug":"milho-tem-pregao-misto-na-b3-e-recua-em-chicago","status":"publish","type":"post","link":"https:\/\/agromt.news\/?p=20499","title":{"rendered":"Milho tem preg\u00e3o misto na B3 e recua em Chicago"},"content":{"rendered":"<p> <br \/>\n<\/p>\n<div>\n<p>O mercado de <a href=\"https:\/\/www.agrolink.com.br\/culturas\/milho?utm_source=agrolink-detalhe-noticia&amp;utm_medium=detalhe-noticia&amp;utm_campaign=links-internos&#9;\" target=\"_blank\" rel=\"noopener\">milho<\/a> apresentou comportamento misto nesta quinta-feira (18) na B3, refletindo os movimentos do c\u00e2mbio e das cota\u00e7\u00f5es externas. Segundo informa\u00e7\u00f5es da TF Agroecon\u00f4mica, o cen\u00e1rio foi influenciado tamb\u00e9m pela primeira estimativa da Conab para a safra 2025\/26, que indicou leve redu\u00e7\u00e3o na produ\u00e7\u00e3o nacional, aumento dos estoques iniciais e crescimento no saldo export\u00e1vel do cereal.&#13;\n<\/p>\n<p>Na bolsa brasileira, os contratos futuros fecharam em dire\u00e7\u00f5es distintas. O vencimento novembro\/25 terminou cotado a R$ 67,27, com alta de R$ 0,09 no dia, mas queda acumulada de R$ 0,69 na semana. O contrato de janeiro\/26 encerrou a R$ 70,16, com recuo di\u00e1rio de R$ 0,02 e semanal de R$ 0,77. J\u00e1 mar\u00e7o\/26 foi negociado a R$ 73,13, registrando baixa de R$ 0,12 no dia e de R$ 0,21 na semana. Esse movimento reflete a disputa entre fatores internos, como o d\u00f3lar, e externos, como o avan\u00e7o da colheita nos Estados Unidos.<\/p>\n<p>Em Chicago, os pre\u00e7os do milho recuaram diante da intensifica\u00e7\u00e3o da colheita americana. O contrato para dezembro caiu 0,70%, encerrando a US$ 423,75\/bushel, enquanto o de mar\u00e7o perdeu 0,67%, fechando a US$ 441,50\/bushel. Analistas destacam que o mercado permanece pressionado pela incerteza quanto ao rendimento das lavouras, uma vez que a produtividade final ainda \u00e9 dif\u00edcil de projetar.&#13;\n<\/p>\n<p>Problemas de poliniza\u00e7\u00e3o ocorridos no ver\u00e3o e a incid\u00eancia de ferrugem asi\u00e1tica podem estar afetando a qualidade da safra norte-americana. Com isso, mesmo not\u00edcias positivas, como a venda extra de 110 mil toneladas para exporta\u00e7\u00e3o, acabam sendo ofuscadas. As d\u00favidas sobre o desempenho das lavouras se acumulam junto com o milho armazenado nos silos, aumentando a cautela dos agentes e refor\u00e7ando a press\u00e3o baixista sobre os pre\u00e7os internacionais.<br \/>&#13;<br \/>\n\u00a0<\/p>\n<\/p><\/div>\n<p><script data-cfasync=\"false\">\n    !function (f, b, e, v, n, t, s) {\n        if (f.fbq) return; n = f.fbq = function () {\n            n.callMethod ?\n                n.callMethod.apply(n, arguments) : n.queue.push(arguments)\n        };\n        if (!f._fbq) f._fbq = n; n.push = n; n.loaded = !0; n.version = '2.0';\n        n.queue = []; t = b.createElement(e); t.async = !0;\n        t.src = v; s = b.getElementsByTagName(e)[0];\n        s.parentNode.insertBefore(t, s)\n    }(window, document, 'script',\n        'https:\/\/connect.facebook.net\/en_US\/fbevents.js');\n    fbq('init', '522546078623747');\n    fbq('track', 'PageView');\n<\/script><br \/>\n<br \/><br \/>\n<br \/><a href=\"https:\/\/www.agrolink.com.br\/noticias\/milho-tem-pregao-misto-na-b3-e-recua-em-chicago_506153.html\">Source link <\/a><\/p>\n","protected":false},"excerpt":{"rendered":"<p>O mercado de milho apresentou comportamento misto nesta quinta-feira (18) na B3, refletindo os movimentos do c\u00e2mbio e das cota\u00e7\u00f5es<\/p>\n","protected":false},"author":1,"featured_media":3271,"comment_status":"open","ping_status":"open","sticky":false,"template":"","format":"standard","meta":{"_monsterinsights_skip_tracking":false,"_monsterinsights_sitenote_active":false,"_monsterinsights_sitenote_note":"","_monsterinsights_sitenote_category":0,"_uf_show_specific_survey":0,"_uf_disable_surveys":false,"footnotes":""},"categories":[8,1,14],"tags":[],"class_list":["post-20499","post","type-post","status-publish","format-standard","has-post-thumbnail","hentry","category-agro","category-news","category-politica-agro"],"_links":{"self":[{"href":"https:\/\/agromt.news\/index.php?rest_route=\/wp\/v2\/posts\/20499"}],"collection":[{"href":"https:\/\/agromt.news\/index.php?rest_route=\/wp\/v2\/posts"}],"about":[{"href":"https:\/\/agromt.news\/index.php?rest_route=\/wp\/v2\/types\/post"}],"author":[{"embeddable":true,"href":"https:\/\/agromt.news\/index.php?rest_route=\/wp\/v2\/users\/1"}],"replies":[{"embeddable":true,"href":"https:\/\/agromt.news\/index.php?rest_route=%2Fwp%2Fv2%2Fcomments&post=20499"}],"version-history":[{"count":0,"href":"https:\/\/agromt.news\/index.php?rest_route=\/wp\/v2\/posts\/20499\/revisions"}],"wp:featuredmedia":[{"embeddable":true,"href":"https:\/\/agromt.news\/index.php?rest_route=\/wp\/v2\/media\/3271"}],"wp:attachment":[{"href":"https:\/\/agromt.news\/index.php?rest_route=%2Fwp%2Fv2%2Fmedia&parent=20499"}],"wp:term":[{"taxonomy":"category","embeddable":true,"href":"https:\/\/agromt.news\/index.php?rest_route=%2Fwp%2Fv2%2Fcategories&post=20499"},{"taxonomy":"post_tag","embeddable":true,"href":"https:\/\/agromt.news\/index.php?rest_route=%2Fwp%2Fv2%2Ftags&post=20499"}],"curies":[{"name":"wp","href":"https:\/\/api.w.org\/{rel}","templated":true}]}}