{"id":20489,"date":"2025-09-19T17:35:58","date_gmt":"2025-09-19T21:35:58","guid":{"rendered":"https:\/\/agromt.news\/?p=20489"},"modified":"2025-09-19T17:35:58","modified_gmt":"2025-09-19T21:35:58","slug":"negociacao-sobre-acordo-mercosul-ue-esta-concluida-diz-ministro","status":"publish","type":"post","link":"https:\/\/agromt.news\/?p=20489","title":{"rendered":"Negocia\u00e7\u00e3o sobre acordo Mercosul-UE est\u00e1 conclu\u00edda, diz ministro"},"content":{"rendered":"<p> <br \/>\n<br \/><img decoding=\"async\" src=\"https:\/\/agromt.news\/wp-content\/uploads\/2024\/10\/Industria-apoia-acordo-Mercosul-UE-que-favorecera-ambas-as-regioes-diz.jpg\" \/><\/p>\n<div>\n<p>O ministro das Rela\u00e7\u00f5es Exteriores, Mauro Vieira, disse nesta sexta-feira (19) que a negocia\u00e7\u00e3o do acordo comercial entre o <strong><a href=\"http:\/\/www.canalrural.com.br\/tag\/acordo-mercosul-ue\/\">Mercosul e a Uni\u00e3o Europeia (UE)<\/a><\/strong> \u201cest\u00e1 conclu\u00edda\u201d e que a assinatura vir\u00e1 assim que o debate sobre o tema no Conselho Europeu for finalizada. <\/p>\n<p>\u201cPara que haja a assinatura, \u00e9 necess\u00e1rio que o acordo seja traduzido em todas as l\u00ednguas dos pa\u00edses da Uni\u00e3o Europeia, seja submetido ao Conselho Europeu para discuss\u00e3o do conte\u00fado, o que est\u00e1 ocorrendo neste momento, e depois disso entendemos que poder\u00e1 ser assinado na C\u00fapula do Mercosul\u201d, disse Vieira, em entrevista coletiva \u00e0 imprensa ap\u00f3s reuni\u00e3o com a alta representante para Pol\u00edtica Externa e Seguran\u00e7a da Uni\u00e3o Europeia, Kaja Kallas. <\/p>\n<p>\u201cA negocia\u00e7\u00e3o est\u00e1 conclu\u00edda e, sendo conclu\u00eddo o debate no Conselho Europeu, o lado europeu estar\u00e1 pronto para a assinatura. O Mercosul j\u00e1 est\u00e1 pronto para a assinatura\u201d, completou o ministro. Segundo ele, ap\u00f3s a assinatura, os temas poder\u00e3o ser discutidos em cada pa\u00eds no processo de aprova\u00e7\u00e3o legislativa do acordo. <\/p>\n<p>\u201cDepois, outras quest\u00f5es s\u00e3o aprova\u00e7\u00e3o legislativa nos pa\u00edses da Uni\u00e3o Europeia e tamb\u00e9m nos pa\u00edses do Mercosul, a\u00ed \u00e9 outra coisa, um debate que vai acontecer em cada pa\u00eds\u201d, afirmou. <\/p>\n<p>Questionada sobre o prazo para finalizar a discuss\u00e3o sobre o acordo, Kallas disse que o tema foi encaminhado ao Conselho Europeu e que \u00e9 preciso aguardar o resultado. \u201cSomos 27 democracias e h\u00e1 diferentes grupos, a discuss\u00e3o est\u00e1 acontecendo e esperamos que ocorra tudo bem\u201d, disse a alta representante da Uni\u00e3o Europeia. <\/p>\n<p>Vieira disse que, antes da reuni\u00e3o com Kallas no Itamaraty, os dois estiveram com o presidente Luiz In\u00e1cio Lula da Silva no Pal\u00e1cio da Alvorada, onde tamb\u00e9m puderam discutir v\u00e1rios assuntos, entre eles o acordo entre Uni\u00e3o Europeia e o Mercosul. <\/p>\n<p>O ministro disse que discutiu junto de Kallas pautas como a defesa do multilateralismo, que, segundo ele, \u201cse torna mais significativo no cen\u00e1rio atual\u201d mundial. \u201cReiterei que a parceria do Mercosul com o bloco europeu adquire import\u00e2ncia mais premente face \u00e0s atuais amea\u00e7as ao sistema internacional de com\u00e9rcio\u201d, declarou<\/p>\n<\/p><\/div>\n<p><br \/>\n<br \/><a href=\"https:\/\/www.canalrural.com.br\/economia\/negociacao-sobre-acordo-mercosul-ue-esta-concluida-diz-ministro\/\">Source link <\/a><\/p>\n","protected":false},"excerpt":{"rendered":"<p>O ministro das Rela\u00e7\u00f5es Exteriores, Mauro Vieira, disse nesta sexta-feira (19) que a negocia\u00e7\u00e3o do acordo comercial entre o Mercosul<\/p>\n","protected":false},"author":1,"featured_media":3109,"comment_status":"open","ping_status":"open","sticky":false,"template":"","format":"standard","meta":{"_monsterinsights_skip_tracking":false,"_monsterinsights_sitenote_active":false,"_monsterinsights_sitenote_note":"","_monsterinsights_sitenote_category":0,"_uf_show_specific_survey":0,"_uf_disable_surveys":false,"footnotes":""},"categories":[1],"tags":[],"class_list":["post-20489","post","type-post","status-publish","format-standard","has-post-thumbnail","hentry","category-news"],"_links":{"self":[{"href":"https:\/\/agromt.news\/index.php?rest_route=\/wp\/v2\/posts\/20489"}],"collection":[{"href":"https:\/\/agromt.news\/index.php?rest_route=\/wp\/v2\/posts"}],"about":[{"href":"https:\/\/agromt.news\/index.php?rest_route=\/wp\/v2\/types\/post"}],"author":[{"embeddable":true,"href":"https:\/\/agromt.news\/index.php?rest_route=\/wp\/v2\/users\/1"}],"replies":[{"embeddable":true,"href":"https:\/\/agromt.news\/index.php?rest_route=%2Fwp%2Fv2%2Fcomments&post=20489"}],"version-history":[{"count":0,"href":"https:\/\/agromt.news\/index.php?rest_route=\/wp\/v2\/posts\/20489\/revisions"}],"wp:featuredmedia":[{"embeddable":true,"href":"https:\/\/agromt.news\/index.php?rest_route=\/wp\/v2\/media\/3109"}],"wp:attachment":[{"href":"https:\/\/agromt.news\/index.php?rest_route=%2Fwp%2Fv2%2Fmedia&parent=20489"}],"wp:term":[{"taxonomy":"category","embeddable":true,"href":"https:\/\/agromt.news\/index.php?rest_route=%2Fwp%2Fv2%2Fcategories&post=20489"},{"taxonomy":"post_tag","embeddable":true,"href":"https:\/\/agromt.news\/index.php?rest_route=%2Fwp%2Fv2%2Ftags&post=20489"}],"curies":[{"name":"wp","href":"https:\/\/api.w.org\/{rel}","templated":true}]}}