{"id":20485,"date":"2025-09-19T17:08:29","date_gmt":"2025-09-19T21:08:29","guid":{"rendered":"https:\/\/agromt.news\/?p=20485"},"modified":"2025-09-19T17:08:29","modified_gmt":"2025-09-19T21:08:29","slug":"chuvas-volumosas-e-fortes-temporais-saiba-o-que-esperar-para-da-proxima-semana","status":"publish","type":"post","link":"https:\/\/agromt.news\/?p=20485","title":{"rendered":"Chuvas volumosas e fortes temporais: saiba o que esperar para da pr\u00f3xima semana"},"content":{"rendered":"<p> <br \/>\n<br \/><img decoding=\"async\" src=\"https:\/\/agromt.news\/wp-content\/uploads\/2025\/09\/Chuvas-volumosas-e-fortes-temporais-saiba-o-que-esperar-para.jpg\" \/><\/p>\n<div>\n<p>O clima volta a ganhar protagonismo nas \u00e1reas produtoras de soja do Brasil. A <a href=\"https:\/\/www.canalrural.com.br\/?s=previs%C3%A3o+do+tempo\">previs\u00e3o aponta <\/a>para um final de semana marcado por temporais intensos no Centro-Oeste, em Rond\u00f4nia e no interior da regi\u00e3o Sul, com rajadas de vento, risco de queda de granizo e forte risco de nuvens el\u00e9tricas. O cen\u00e1rio exige cautela dos produtores no campo.<\/p>\n<div data-icp-cta=\"1\" id=\"icp-cta-unique\">Voc\u00ea quer entender como usar o clima a seu favor?<b> <\/b><a href=\"https:\/\/climacampo.canalrural.com.br\/climacampo_-01\">Preparamos um e-book exclusivo<\/a> para ajudar produtores rurais a se antecipar \u00e0s mudan\u00e7as do tempo e planejar melhor suas a\u00e7\u00f5es. Com base em previs\u00f5es meteorol\u00f3gicas confi\u00e1veis, ele oferece orienta\u00e7\u00f5es pr\u00e1ticas para proteger sua lavoura e otimizar seus resultados.<\/div>\n<ul class=\"wp-block-list\">\n<li><strong><em>Fique por dentro das novidades e not\u00edcias recentes sobre a soja! Participe da nossa comunidade atrav\u00e9s do\u00a0<a href=\"https:\/\/chat.whatsapp.com\/BmMRwA0TZ2DHGyhzoaVEWu\">link<\/a>! \ud83c\udf31<\/em><\/strong><\/li>\n<\/ul>\n<p><iframe title=\"Chuvas volumosas e fortes temporais: saiba o que esperar da pr\u00f3xima semana\" width=\"800\" height=\"450\" src=\"https:\/\/www.youtube.com\/embed\/C61EY2IUKQ8?feature=oembed\" frameborder=\"0\" allow=\"accelerometer; autoplay; clipboard-write; encrypted-media; gyroscope; picture-in-picture; web-share\" referrerpolicy=\"strict-origin-when-cross-origin\" allowfullscreen><\/iframe><noscript><iframe title=\"Chuvas volumosas e fortes temporais: saiba o que esperar da pr\u00f3xima semana\" width=\"800\" height=\"450\" src=\"https:\/\/www.youtube.com\/embed\/C61EY2IUKQ8?feature=oembed\" frameborder=\"0\" allow=\"accelerometer; autoplay; clipboard-write; encrypted-media; gyroscope; picture-in-picture; web-share\" referrerpolicy=\"strict-origin-when-cross-origin\" allowfullscreen><\/iframe><\/noscript><\/p>\n<p>Por outro lado, h\u00e1 um alento: a expectativa \u00e9 de chuvas volumosas que podem ultrapassar os 100 mil\u00edmetros em regi\u00f5es como o Sul do pa\u00eds, S\u00e3o Paulo, Tri\u00e2ngulo Mineiro e norte do Paran\u00e1, principalmente entre segunda (22) e ter\u00e7a-feira (23). Esse volume deve ajudar a reverter o d\u00e9ficit h\u00eddrico acumulado e impulsionar o in\u00edcio do plantio da safra 2025\/26.<\/p>\n<p>No Centro-Oeste, Mato Grosso, Goi\u00e1s e Mato Grosso do Sul tamb\u00e9m devem receber bons acumulados, entre 30 e 40 mm no come\u00e7o da semana, chegando a 50 mm em algumas \u00e1reas at\u00e9 a virada de setembro para outubro. A tend\u00eancia \u00e9 que as chuvas persistam ao longo da primeira quinzena de outubro, consolidando as condi\u00e7\u00f5es para o avan\u00e7o do plantio.<\/p>\n<p>O al\u00edvio deve alcan\u00e7ar ainda o Sudeste, com chuvas previstas para o norte de Minas, al\u00e9m do in\u00edcio das primeiras pancadas no interior do Matopiba.<\/p>\n<\/p><\/div>\n<p><br \/>\n<br \/><a href=\"https:\/\/www.canalrural.com.br\/agricultura\/projeto-soja-brasil\/chuvas-volumosas-e-fortes-temporais-saiba-o-que-esperar-da-proxima-semana\/\">Source link <\/a><\/p>\n","protected":false},"excerpt":{"rendered":"<p>O clima volta a ganhar protagonismo nas \u00e1reas produtoras de soja do Brasil. A previs\u00e3o aponta para um final de<\/p>\n","protected":false},"author":1,"featured_media":20486,"comment_status":"open","ping_status":"open","sticky":false,"template":"","format":"standard","meta":{"_monsterinsights_skip_tracking":false,"_monsterinsights_sitenote_active":false,"_monsterinsights_sitenote_note":"","_monsterinsights_sitenote_category":0,"_uf_show_specific_survey":0,"_uf_disable_surveys":false,"footnotes":""},"categories":[1],"tags":[],"class_list":["post-20485","post","type-post","status-publish","format-standard","has-post-thumbnail","hentry","category-news"],"_links":{"self":[{"href":"https:\/\/agromt.news\/index.php?rest_route=\/wp\/v2\/posts\/20485"}],"collection":[{"href":"https:\/\/agromt.news\/index.php?rest_route=\/wp\/v2\/posts"}],"about":[{"href":"https:\/\/agromt.news\/index.php?rest_route=\/wp\/v2\/types\/post"}],"author":[{"embeddable":true,"href":"https:\/\/agromt.news\/index.php?rest_route=\/wp\/v2\/users\/1"}],"replies":[{"embeddable":true,"href":"https:\/\/agromt.news\/index.php?rest_route=%2Fwp%2Fv2%2Fcomments&post=20485"}],"version-history":[{"count":0,"href":"https:\/\/agromt.news\/index.php?rest_route=\/wp\/v2\/posts\/20485\/revisions"}],"wp:featuredmedia":[{"embeddable":true,"href":"https:\/\/agromt.news\/index.php?rest_route=\/wp\/v2\/media\/20486"}],"wp:attachment":[{"href":"https:\/\/agromt.news\/index.php?rest_route=%2Fwp%2Fv2%2Fmedia&parent=20485"}],"wp:term":[{"taxonomy":"category","embeddable":true,"href":"https:\/\/agromt.news\/index.php?rest_route=%2Fwp%2Fv2%2Fcategories&post=20485"},{"taxonomy":"post_tag","embeddable":true,"href":"https:\/\/agromt.news\/index.php?rest_route=%2Fwp%2Fv2%2Ftags&post=20485"}],"curies":[{"name":"wp","href":"https:\/\/api.w.org\/{rel}","templated":true}]}}