{"id":20479,"date":"2025-09-19T16:25:03","date_gmt":"2025-09-19T20:25:03","guid":{"rendered":"https:\/\/agromt.news\/?p=20479"},"modified":"2025-09-19T16:25:03","modified_gmt":"2025-09-19T20:25:03","slug":"cautela-define-o-inicio-da-semeadura-de-soja-em-mt-e-pr","status":"publish","type":"post","link":"https:\/\/agromt.news\/?p=20479","title":{"rendered":"Cautela define o in\u00edcio da semeadura de soja em MT e PR"},"content":{"rendered":"<p> <br \/>\n<br \/><img decoding=\"async\" src=\"https:\/\/agromt.news\/wp-content\/uploads\/2025\/09\/Cautela-define-o-inicio-da-semeadura-de-soja-em-MT.png\" \/><\/p>\n<div>\n<p>Um dos temas abordados no programa <a href=\"https:\/\/www.canalrural.com.br\/agricultura\/projeto-soja-brasil\/do-plantio-a-colheita-programa-soja-brasil-e-ponto-de-encontro-do-produtor-rural\/\">Soja Brasil<\/a> desta sexta-feira (19) foi o fim do vazio sanit\u00e1rio e o in\u00edcio do plantio da safra 2025\/26. A <a href=\"https:\/\/www.canalrural.com.br\/?s=plantio+de+soja\">semeadura <\/a>j\u00e1 come\u00e7ou em 16 estados do pa\u00eds e, em Mato Grosso, maior produtor nacional, os trabalhos tiveram in\u00edcio no dia 7 de setembro. Na fazenda Nossa Senhora Aparecida, em \u00c1gua Boa, no Vale do Araguaia, a primeira etapa contemplou apenas a \u00e1rea irrigada, que recebeu as primeiras sementes.<\/p>\n<ul class=\"wp-block-list\">\n<li><strong><em>Fique por dentro das novidades e not\u00edcias recentes sobre a soja! Participe da nossa comunidade atrav\u00e9s do\u00a0<a href=\"https:\/\/chat.whatsapp.com\/BmMRwA0TZ2DHGyhzoaVEWu\">link<\/a>! \ud83c\udf31<\/em><\/strong><\/li>\n<\/ul>\n<p><iframe title=\"Safra 25\/26: consultoria eleva produ\u00e7\u00e3o de soja para mais de 180 milh\u00f5es de toneladas - Ep 39\" width=\"800\" height=\"450\" src=\"https:\/\/www.youtube.com\/embed\/3TsZeARuXyQ?feature=oembed\" frameborder=\"0\" allow=\"accelerometer; autoplay; clipboard-write; encrypted-media; gyroscope; picture-in-picture; web-share\" referrerpolicy=\"strict-origin-when-cross-origin\" allowfullscreen><\/iframe><noscript><iframe title=\"Safra 25\/26: consultoria eleva produ\u00e7\u00e3o de soja para mais de 180 milh\u00f5es de toneladas - Ep 39\" width=\"800\" height=\"450\" src=\"https:\/\/www.youtube.com\/embed\/3TsZeARuXyQ?feature=oembed\" frameborder=\"0\" allow=\"accelerometer; autoplay; clipboard-write; encrypted-media; gyroscope; picture-in-picture; web-share\" referrerpolicy=\"strict-origin-when-cross-origin\" allowfullscreen><\/iframe><\/noscript><\/p>\n<p>De acordo com Lucas Beber, presidente da Aprosoja-MT, a principal preocupa\u00e7\u00e3o no estado neste in\u00edcio de safra \u00e9 a estiagem. \u201cAs chuvas ainda n\u00e3o vieram e n\u00e3o regularizaram. A previs\u00e3o \u00e9 que comecem a chegar ap\u00f3s a segunda quinzena de setembro e que at\u00e9 o final de outubro fiquem regulares, trazendo mais seguran\u00e7a para o plantio\u201d, afirmou.<\/p>\n<p>Beber refor\u00e7a que os produtores devem aguardar a umidade ideal do solo e manter acompanhamento agron\u00f4mico para reduzir riscos de perdas de sementes e falhas no estabelecimento das lavouras.<\/p>\n<h3 class=\"wp-block-heading\" id=\"h-semeadura-de-soja-no-parana\">Semeadura de soja no Paran\u00e1 <\/h3>\n<p>No Paran\u00e1, apesar da libera\u00e7\u00e3o do plantio, os agricultores est\u00e3o cautelosos. Segundo o presidente da Aprosoja Paran\u00e1, Eduardo Cassiano, houve redu\u00e7\u00e3o na ado\u00e7\u00e3o de tecnologias, fertiliza\u00e7\u00e3o mais limitada e busca por variedades de menor custo, devido ao encarecimento dos insumos. Ele estima aumento entre 6% e 8% nos custos em rela\u00e7\u00e3o ao ano passado.<\/p>\n<p>Em outubro, outras regi\u00f5es do pa\u00eds, como Minas Gerais, Rio Grande do Sul, Santa Catarina, Tocantins e parte do Maranh\u00e3o, tamb\u00e9m estar\u00e3o liberadas para a semeadura.<\/p>\n<h3 class=\"wp-block-heading\" id=\"h-momento-ideal\">Momento ideal <\/h3>\n<p>O pesquisador da Embrapa Soja, C\u00e9sar de Castro, destaca que o momento \u00e9 oportuno para refor\u00e7ar os cuidados com o solo. Ele lembra que pr\u00e1ticas como an\u00e1lise, calagem e gessagem s\u00e3o conhecidas h\u00e1 mais de um s\u00e9culo, mas ainda s\u00e3o pouco utilizadas. \u201cA calagem, por exemplo, \u00e9 fundamental para corrigir o pH do solo e aumentar a efici\u00eancia dos fertilizantes. A recomenda\u00e7\u00e3o \u00e9 que os produtores sigam orienta\u00e7\u00f5es t\u00e9cnicas espec\u00edficas para cada \u00e1rea antes de avan\u00e7ar no cultivo\u201d, orienta.<\/p>\n<\/p><\/div>\n<p><br \/>\n<br \/><a href=\"https:\/\/www.canalrural.com.br\/agricultura\/projeto-soja-brasil\/cautela-define-o-inicio-da-semeadura-de-soja-em-mt-e-pr\/\">Source link <\/a><\/p>\n","protected":false},"excerpt":{"rendered":"<p>Um dos temas abordados no programa Soja Brasil desta sexta-feira (19) foi o fim do vazio sanit\u00e1rio e o in\u00edcio<\/p>\n","protected":false},"author":1,"featured_media":20480,"comment_status":"open","ping_status":"open","sticky":false,"template":"","format":"standard","meta":{"_monsterinsights_skip_tracking":false,"_monsterinsights_sitenote_active":false,"_monsterinsights_sitenote_note":"","_monsterinsights_sitenote_category":0,"_uf_show_specific_survey":0,"_uf_disable_surveys":false,"footnotes":""},"categories":[1],"tags":[],"class_list":["post-20479","post","type-post","status-publish","format-standard","has-post-thumbnail","hentry","category-news"],"_links":{"self":[{"href":"https:\/\/agromt.news\/index.php?rest_route=\/wp\/v2\/posts\/20479"}],"collection":[{"href":"https:\/\/agromt.news\/index.php?rest_route=\/wp\/v2\/posts"}],"about":[{"href":"https:\/\/agromt.news\/index.php?rest_route=\/wp\/v2\/types\/post"}],"author":[{"embeddable":true,"href":"https:\/\/agromt.news\/index.php?rest_route=\/wp\/v2\/users\/1"}],"replies":[{"embeddable":true,"href":"https:\/\/agromt.news\/index.php?rest_route=%2Fwp%2Fv2%2Fcomments&post=20479"}],"version-history":[{"count":0,"href":"https:\/\/agromt.news\/index.php?rest_route=\/wp\/v2\/posts\/20479\/revisions"}],"wp:featuredmedia":[{"embeddable":true,"href":"https:\/\/agromt.news\/index.php?rest_route=\/wp\/v2\/media\/20480"}],"wp:attachment":[{"href":"https:\/\/agromt.news\/index.php?rest_route=%2Fwp%2Fv2%2Fmedia&parent=20479"}],"wp:term":[{"taxonomy":"category","embeddable":true,"href":"https:\/\/agromt.news\/index.php?rest_route=%2Fwp%2Fv2%2Fcategories&post=20479"},{"taxonomy":"post_tag","embeddable":true,"href":"https:\/\/agromt.news\/index.php?rest_route=%2Fwp%2Fv2%2Ftags&post=20479"}],"curies":[{"name":"wp","href":"https:\/\/api.w.org\/{rel}","templated":true}]}}