{"id":20477,"date":"2025-09-19T15:29:07","date_gmt":"2025-09-19T19:29:07","guid":{"rendered":"https:\/\/agromt.news\/?p=20477"},"modified":"2025-09-19T15:29:07","modified_gmt":"2025-09-19T19:29:07","slug":"projeto-de-lei-nos-eua-quer-derrubar-tarifas-sobre-o-cafe","status":"publish","type":"post","link":"https:\/\/agromt.news\/?p=20477","title":{"rendered":"Projeto de lei nos EUA quer derrubar tarifas sobre o caf\u00e9"},"content":{"rendered":"<p> <br \/>\n<br \/><img decoding=\"async\" src=\"https:\/\/agromt.news\/wp-content\/uploads\/2025\/04\/Tarifas-dos-EUA-trazem-incertezas-ao-setor-cafeeiro.jpg\" \/><\/p>\n<div>\n<p>O jornal norte-americano <em>Washington Post<\/em> teve acesso a uma proposta que isentaria o caf\u00e9 de qualquer tarifa aplicada ap\u00f3s 19 de janeiro de 2025, um dia antes da posse do presidente <a href=\"https:\/\/www.canalrural.com.br\/tag\/donald-trump\/\">Donald Trump<\/a>. A proposta tem dois autores: os deputados Don Bacon, do partido Republicano de Nebraska, e Ro Khanna, do partido Democrata da Calif\u00f3rnia. A isen\u00e7\u00e3o abrangeria caf\u00e9 torrado, descafeinado, cascas e subprodutos, al\u00e9m de bebidas e substitutos que contenham caf\u00e9.<\/p>\n<p><a href=\"https:\/\/www.washingtonpost.com\/politics\/2025\/09\/19\/coffee-tariffs-bill-bacon-khanna\/\">Segundo a mat\u00e9ria<\/a>, os parlamentares afirmam que escolheram o caf\u00e9 por ser um item b\u00e1sico do consumo di\u00e1rio nos Estados Unidos. Em agosto, o pa\u00eds deixou de ser o maior comprador do gr\u00e3o brasileiro, quando a Alemanha assumiu a lideran\u00e7a das nossas exporta\u00e7\u00f5es. Os dados, que s\u00e3o do Conselho dos Exportadores de Caf\u00e9 do Brasil (<a href=\"https:\/\/www.canalrural.com.br\/tag\/cecafe\/\">Cecaf\u00e9<\/a>), refor\u00e7am o impacto do tarifa\u00e7o no setor.<\/p>\n<h3 class=\"wp-block-heading\" id=\"h-parlamentares-querem-ampliar-debate\">Parlamentares querem ampliar debate<\/h3>\n<p>No entanto, o artigo do <em>Washington Post<\/em> ressalta que a proposta tem poucas chances de avan\u00e7ar no Congresso norte-americano, bem como ser sancionada por Trump. Ainda assim, o di\u00e1logo em torno do assunto pode fortalecer a oposi\u00e7\u00e3o contra as medidas do governo.<\/p>\n<p>\u201cSe as pessoas pensarem: \u2018Esse imposto no caf\u00e9, n\u00e3o gostamos disso\u2019 \u2014 ent\u00e3o podemos ampliar a conversa: e o hamb\u00farguer que ficou mais caro por causa da tarifa? E as bananas, as ma\u00e7\u00e3s?\u201d, disse Khanna.<\/p>\n<p>Bacon refor\u00e7ou: \u201cPor que estamos taxando cidad\u00e3os americanos em algo que nem produzimos aqui? N\u00e3o faz sentido.\u201d<\/p>\n<h3 class=\"wp-block-heading\" id=\"h-tarifas-ja-impactam-o-mercado\">Tarifas j\u00e1 impactam o mercado<\/h3>\n<p>O jornal lembra que o in\u00edcio do tarifa\u00e7o de Trump atingiu produtos de diversos pa\u00edses, incluindo os principais fornecedores de caf\u00e9 para os EUA, como Brasil, Col\u00f4mbia, Nicar\u00e1gua e Vietn\u00e3. A aplica\u00e7\u00e3o dessas tarifas j\u00e1 refletiu no aumento dos pre\u00e7os para os consumidores norte-americanos, evidenciando o efeito direto da pol\u00edtica sobre o setor de caf\u00e9.<\/p>\n<p>Nas exporta\u00e7\u00f5es brasileiras de caf\u00e9s especiais, por exemplo, as novas taxas causaram uma redu\u00e7\u00e3o de 79,5% na compara\u00e7\u00e3o de agosto com o mesmo m\u00eas do ano passado.<\/p>\n<\/p><\/div>\n<p><br \/>\n<br \/><a href=\"https:\/\/www.canalrural.com.br\/economia\/projeto-de-lei-nos-eua-quer-derrubar-tarifas-sobre-o-cafe\/\">Source link <\/a><\/p>\n","protected":false},"excerpt":{"rendered":"<p>O jornal norte-americano Washington Post teve acesso a uma proposta que isentaria o caf\u00e9 de qualquer tarifa aplicada ap\u00f3s 19<\/p>\n","protected":false},"author":1,"featured_media":12164,"comment_status":"open","ping_status":"open","sticky":false,"template":"","format":"standard","meta":{"_monsterinsights_skip_tracking":false,"_monsterinsights_sitenote_active":false,"_monsterinsights_sitenote_note":"","_monsterinsights_sitenote_category":0,"_uf_show_specific_survey":0,"_uf_disable_surveys":false,"footnotes":""},"categories":[1],"tags":[],"class_list":["post-20477","post","type-post","status-publish","format-standard","has-post-thumbnail","hentry","category-news"],"_links":{"self":[{"href":"https:\/\/agromt.news\/index.php?rest_route=\/wp\/v2\/posts\/20477"}],"collection":[{"href":"https:\/\/agromt.news\/index.php?rest_route=\/wp\/v2\/posts"}],"about":[{"href":"https:\/\/agromt.news\/index.php?rest_route=\/wp\/v2\/types\/post"}],"author":[{"embeddable":true,"href":"https:\/\/agromt.news\/index.php?rest_route=\/wp\/v2\/users\/1"}],"replies":[{"embeddable":true,"href":"https:\/\/agromt.news\/index.php?rest_route=%2Fwp%2Fv2%2Fcomments&post=20477"}],"version-history":[{"count":0,"href":"https:\/\/agromt.news\/index.php?rest_route=\/wp\/v2\/posts\/20477\/revisions"}],"wp:featuredmedia":[{"embeddable":true,"href":"https:\/\/agromt.news\/index.php?rest_route=\/wp\/v2\/media\/12164"}],"wp:attachment":[{"href":"https:\/\/agromt.news\/index.php?rest_route=%2Fwp%2Fv2%2Fmedia&parent=20477"}],"wp:term":[{"taxonomy":"category","embeddable":true,"href":"https:\/\/agromt.news\/index.php?rest_route=%2Fwp%2Fv2%2Fcategories&post=20477"},{"taxonomy":"post_tag","embeddable":true,"href":"https:\/\/agromt.news\/index.php?rest_route=%2Fwp%2Fv2%2Ftags&post=20477"}],"curies":[{"name":"wp","href":"https:\/\/api.w.org\/{rel}","templated":true}]}}