{"id":20475,"date":"2025-09-19T15:15:03","date_gmt":"2025-09-19T19:15:03","guid":{"rendered":"https:\/\/agromt.news\/?p=20475"},"modified":"2025-09-19T15:15:03","modified_gmt":"2025-09-19T19:15:03","slug":"beef-dinner-celebra-pecuaria-brasileira-com-homenagem-a-ze-mineiro","status":"publish","type":"post","link":"https:\/\/agromt.news\/?p=20475","title":{"rendered":"Beef Dinner celebra pecu\u00e1ria brasileira com homenagem a Z\u00e9 Mineiro"},"content":{"rendered":"<p> <br \/>\n<br \/><img decoding=\"async\" src=\"https:\/\/agromt.news\/wp-content\/uploads\/2025\/09\/Beef-Dinner-celebra-pecuaria-brasileira-com-homenagem-a-Ze-Mineiro.jpg\" \/><\/p>\n<div>\n\t\t<iframe title=\"Beef Dinner 2025 celebra pecu\u00e1ria brasileira e homenageia personalidades do setor\" width=\"800\" height=\"450\" src=\"https:\/\/www.youtube.com\/embed\/xI0cCQXrJjk?feature=oembed\" frameborder=\"0\" allow=\"accelerometer; autoplay; clipboard-write; encrypted-media; gyroscope; picture-in-picture; web-share\" referrerpolicy=\"strict-origin-when-cross-origin\" allowfullscreen><\/iframe><noscript><iframe title=\"Beef Dinner 2025 celebra pecu\u00e1ria brasileira e homenageia personalidades do setor\" width=\"800\" height=\"450\" src=\"https:\/\/www.youtube.com\/embed\/xI0cCQXrJjk?feature=oembed\" frameborder=\"0\" allow=\"accelerometer; autoplay; clipboard-write; encrypted-media; gyroscope; picture-in-picture; web-share\" referrerpolicy=\"strict-origin-when-cross-origin\" allowfullscreen><\/iframe><\/noscript><\/p>\n<p>A primeira edi\u00e7\u00e3o do <em>Beef Dinner<\/em> foi realizada na noite de quinta-feira (18), em S\u00e3o Paulo, reunindo cerca de 500 convidados para celebrar a for\u00e7a da pecu\u00e1ria brasileira. Inspirado no tradicional <em>Sugar Dinne<\/em>r, de Nova York, o evento foi organizado pela Datagro e destacou a import\u00e2ncia do setor para o desenvolvimento econ\u00f4mico e social do pa\u00eds.<\/p>\n<p>\u201cH\u00e1 75 anos \u00e9 realizado o <em>Sugar Dinner<\/em> em Nova York, que re\u00fane os maiores protagonistas do mercado de a\u00e7\u00facar. Nada mais justo do que fazer a mesma coisa com a pecu\u00e1ria. O grande protagonista do agroneg\u00f3cio brasileiro, agregando valor \u00e0 soja, ao milho, ao DDG, ao farelo de soja, ao \u00f3leo. E hoje est\u00e3o reunidos aqui os maiores protagonistas desse setor, todos os grandes pecuaristas, confinadores, representantes da ind\u00fastria\u201d, afirmou Plinio Nastari, presidente da Datagro.<\/p>\n<p>\u201cEstava mais do que na hora de n\u00f3s fazermos um evento desses. Eu j\u00e1 fui nesse Sugar Dinner v\u00e1rias vezes, mas n\u00f3s merec\u00edamos fazer um evento disso j\u00e1 h\u00e1 muito tempo\u201d, declarou Jerry O\u2019Callaghan, presidente do Conselho de Administra\u00e7\u00e3o da JBS.<\/p>\n<h2 class=\"wp-block-heading\" id=\"h-homenagem-a-ze-mineiro\">Homenagem a Z\u00e9 Mineiro<\/h2>\n<p>Um dos momentos mais importantes da noite foi a homenagem a Jos\u00e9 Batista Sobrinho, o Z\u00e9 Mineiro, fundador do grupo J&amp;F e patriarca da fam\u00edlia Batista. Seu nome est\u00e1 eternizado na sigla da JBS, empresa que hoje \u00e9 l\u00edder global na produ\u00e7\u00e3o de alimentos \u00e0 base de prote\u00edna e atua em mais de 20 pa\u00edses.<\/p>\n<p>\u201cMeu pai, uma hist\u00f3ria de vida longa e muitos anos no setor. Para quem come\u00e7ou como ele come\u00e7ou, com certeza ele fica muito orgulhoso de receber as homenagens que recebe. N\u00e3o porque sou filho, mas s\u00e3o homenagens merecidas, para quem lutou a vida toda no setor trabalhando. Ent\u00e3o, assim, ele fica muito feliz\u201d, disse Wesley Batista, acionista da J&amp;F.<\/p>\n<p>O evento tamb\u00e9m prestou homenagem ao pecuarista Ant\u00f4nio Campanelli, representante de uma fam\u00edlia com mais de um s\u00e9culo de dedica\u00e7\u00e3o \u00e0 atividade. \u201cRecebo-a em nome da minha fam\u00edlia, dos mais de 500 colaboradores que temos, dos meus sobrinhos e dos meus filhos F\u00e1bio, C\u00e9sar e V\u00edtor Pascol aqui presentes. Foi com a dedica\u00e7\u00e3o de todos que pudemos criar nossas empresas e chegar onde chegamos\u201d, afirmou.<\/p>\n<h2 class=\"wp-block-heading\" id=\"h-liderancas-do-setor-destacam-importancia-da-pecuaria\">Lideran\u00e7as do setor destacam import\u00e2ncia da pecu\u00e1ria<\/h2>\n<p>Lideran\u00e7as do setor marcaram presen\u00e7a no evento e refor\u00e7aram o papel estrat\u00e9gico da pecu\u00e1ria brasileira.<\/p>\n<p>\u201cUm <em>Beef Dinner<\/em> \u00e9 um jantar realmente de gala com as principais lideran\u00e7as do setor. Eu acho que \u00e9 interagir, comemorar o ano que t\u00e1 sendo muito bom, um ano bom pra ind\u00fastria, bom pro produtor. Ent\u00e3o \u00e9 interagir, estreitar ainda mais o relacionamento. A JBS valoriza demais, quer estar junto do produtor\u201d, afirmou Renato Costa, presidente da Friboi.<\/p>\n<p>\u201cA carne bovina brasileira \u00e9 um case de sucesso. N\u00f3s sa\u00edmos, h\u00e1 30 anos, de uma importa\u00e7\u00e3o l\u00edquida de carne para abastecer a alimenta\u00e7\u00e3o brasileira, e hoje conseguimos atender o mercado interno e exportar 30% dos excedentes, garantindo a seguran\u00e7a alimentar do mundo todo. Ent\u00e3o \u00e9 uma cadeia de muito orgulho nacional e de orgulho para n\u00f3s que estamos inseridos nela\u201d, destacou Roberto Perosa, presidente da Abiec.<\/p>\n<p>Para Gabriel Garcia Cid, presidente da ABCZ, o evento simboliza a resili\u00eancia do setor:<\/p>\n<p>\u201cMomento extraordin\u00e1rio onde, independente de ciclos que v\u00eam e v\u00e3o e s\u00e3o naturais dentro da pecu\u00e1ria, independente de momento at\u00e9 pol\u00edtico, a pecu\u00e1ria mostra sua for\u00e7a. O Brasil se transformou, da d\u00e9cada de 70 para os dias de hoje, no maior exportador de carne do mundo. Para n\u00f3s, \u00e9 um orgulho como pecuaristas e como brasileiros.\u201d<\/p>\n<h2 class=\"wp-block-heading\" id=\"h-informacao-e-inovacao\">Informa\u00e7\u00e3o e inova\u00e7\u00e3o<\/h2>\n<p>O crescimento da pecu\u00e1ria brasileira tamb\u00e9m foi atribu\u00eddo ao avan\u00e7o tecnol\u00f3gico, ao melhoramento gen\u00e9tico e \u00e0 difus\u00e3o de conhecimento, com destaque para o papel da comunica\u00e7\u00e3o no setor.<\/p>\n<p>\u201cPra gente do grupo Canal Rural, isso \u00e9 de extrema import\u00e2ncia e a gente tem que se sentir honrado. Porque n\u00f3s somos respons\u00e1veis por passar a not\u00edcia certa, a not\u00edcia com qualidade, entregar com qualidade tudo que a gente faz dentro do Canal Rural. Isso \u00e9 um prop\u00f3sito nosso\u201d, disse Plinio Queiroz, diretor de pecu\u00e1ria do <strong>Canal Rural<\/strong>.<\/p>\n<p>\u201cA nossa pecu\u00e1ria \u00e9 muito relevante para o Brasil e para o mundo, porque vem crescendo numa velocidade muito grande, tanto em volume quanto em qualidade. E em 2027 o Brasil vai ser o maior produtor de carne do planeta. A gente j\u00e1 \u00e9 o maior exportador, mas vai ser o maior produtor do planeta. Isso vai acontecer gra\u00e7as a um trabalho de muita gente, de toda a cadeia, dos pecuaristas, da ind\u00fastria, de toda a cadeia de insumos e, \u00f3bvio, tamb\u00e9m de um grande sistema de informa\u00e7\u00e3o criado no Brasil. Hoje aqui a gente t\u00e1 vendo uma grande celebra\u00e7\u00e3o dessas pessoas que ajudaram a construir essa pecu\u00e1ria que est\u00e1 ajudando a alimentar o planeta\u201d, afirmou Julio Cargnino, presidente do <strong>Canal Rural<\/strong>.<\/p>\n<\/p><\/div>\n<p><br \/>\n<br \/><a href=\"https:\/\/www.canalrural.com.br\/pecuaria\/beef-dinner-celebra-pecuaria-brasileira-com-homenagem-a-ze-mineiro\/\">Source link <\/a><\/p>\n","protected":false},"excerpt":{"rendered":"<p>A primeira edi\u00e7\u00e3o do Beef Dinner foi realizada na noite de quinta-feira (18), em S\u00e3o Paulo, reunindo cerca de 500<\/p>\n","protected":false},"author":1,"featured_media":20476,"comment_status":"open","ping_status":"open","sticky":false,"template":"","format":"standard","meta":{"_monsterinsights_skip_tracking":false,"_monsterinsights_sitenote_active":false,"_monsterinsights_sitenote_note":"","_monsterinsights_sitenote_category":0,"_uf_show_specific_survey":0,"_uf_disable_surveys":false,"footnotes":""},"categories":[1],"tags":[],"class_list":["post-20475","post","type-post","status-publish","format-standard","has-post-thumbnail","hentry","category-news"],"_links":{"self":[{"href":"https:\/\/agromt.news\/index.php?rest_route=\/wp\/v2\/posts\/20475"}],"collection":[{"href":"https:\/\/agromt.news\/index.php?rest_route=\/wp\/v2\/posts"}],"about":[{"href":"https:\/\/agromt.news\/index.php?rest_route=\/wp\/v2\/types\/post"}],"author":[{"embeddable":true,"href":"https:\/\/agromt.news\/index.php?rest_route=\/wp\/v2\/users\/1"}],"replies":[{"embeddable":true,"href":"https:\/\/agromt.news\/index.php?rest_route=%2Fwp%2Fv2%2Fcomments&post=20475"}],"version-history":[{"count":0,"href":"https:\/\/agromt.news\/index.php?rest_route=\/wp\/v2\/posts\/20475\/revisions"}],"wp:featuredmedia":[{"embeddable":true,"href":"https:\/\/agromt.news\/index.php?rest_route=\/wp\/v2\/media\/20476"}],"wp:attachment":[{"href":"https:\/\/agromt.news\/index.php?rest_route=%2Fwp%2Fv2%2Fmedia&parent=20475"}],"wp:term":[{"taxonomy":"category","embeddable":true,"href":"https:\/\/agromt.news\/index.php?rest_route=%2Fwp%2Fv2%2Fcategories&post=20475"},{"taxonomy":"post_tag","embeddable":true,"href":"https:\/\/agromt.news\/index.php?rest_route=%2Fwp%2Fv2%2Ftags&post=20475"}],"curies":[{"name":"wp","href":"https:\/\/api.w.org\/{rel}","templated":true}]}}