{"id":20468,"date":"2025-09-19T12:08:28","date_gmt":"2025-09-19T16:08:28","guid":{"rendered":"https:\/\/agromt.news\/?p=20468"},"modified":"2025-09-19T12:08:28","modified_gmt":"2025-09-19T16:08:28","slug":"forum-pecuaria-brasil-reune-mais-de-600-participantes-e-se-consolida-como-principal-encontro-do-setor","status":"publish","type":"post","link":"https:\/\/agromt.news\/?p=20468","title":{"rendered":"F\u00f3rum Pecu\u00e1ria Brasil re\u00fane mais de 600 participantes e se consolida como principal encontro do setor"},"content":{"rendered":"<p> <br \/>\n<br \/><img decoding=\"async\" src=\"https:\/\/agromt.news\/wp-content\/uploads\/2025\/09\/Forum-Pecuaria-Brasil-reune-mais-de-600-participantes-e-se.jpeg\" \/><\/p>\n<div>\n<p>Nesta quarta-feira (17), o World Trade Center S\u00e3o Paulo foi palco da 5\u00aa edi\u00e7\u00e3o do F\u00f3rum Pecu\u00e1ria Brasil, organizado pela <strong><a href=\"https:\/\/www.canalrural.com.br\/tag\/datagro\/\">Datagro<\/a><\/strong>. O evento reuniu cerca de <strong>620 participantes<\/strong>, entre produtores, frigor\u00edficos, fornecedores de insumos e representantes do setor financeiro, consolidando-se como o principal encontro da pecu\u00e1ria nacional.<\/p>\n<p>A edi\u00e7\u00e3o de 2025 trouxe uma novidade de peso: o f\u00f3rum passou a ser o evento oficial de conte\u00fado da <strong>Beef Week<\/strong>, semana inspirada na tradicional Sugar Week de Nova York, que promove debates e programa\u00e7\u00f5es voltadas ao futuro da pecu\u00e1ria.<\/p>\n<p>Entre os presntes, estiveram <strong>Plinio Nastari<\/strong>, presidente da Datagro; <strong>Oswaldo Furlan J\u00fanior<\/strong>, vice-presidente do Grupo Pecu\u00e1ria Brasil; <strong>Bento Mineiro<\/strong>, diretor da Associa\u00e7\u00e3o Brasileira dos Criadores de Zebu (ABCZ); e <strong>Jos\u00e9 Paulo Cairoli<\/strong>, presidente da Associa\u00e7\u00e3o Brasileira de Angus. Tamb\u00e9m participaram <strong>Marielle Solzki<\/strong>, head de commodities da B3; e <strong>Felipe Bortolotto<\/strong>, gerente de tecnologia de bovinos de corte da Cargill.<\/p>\n<p>Do lado da ind\u00fastria, o f\u00f3rum recebeu representantes de <strong>Friboi JBS, Minerva, Marfrig, Frigor\u00edfico Estrela<\/strong> e o presidente da <strong>Abiec<\/strong>, <strong>Roberto Perosa<\/strong>, refor\u00e7ando a relev\u00e2ncia do evento para toda a cadeia produtiva.<\/p>\n<h2 class=\"wp-block-heading\" id=\"h-transformacao-e-inovacao-na-bovinocultura\">Transforma\u00e7\u00e3o e inova\u00e7\u00e3o na bovinocultura<\/h2>\n<p>Na abertura, destacou-se que a <strong>pecu\u00e1ria brasileira vive um momento de intensas transforma\u00e7\u00f5es<\/strong>, marcado pela profissionaliza\u00e7\u00e3o e pela vis\u00e3o empresarial. <\/p>\n<p>A evolu\u00e7\u00e3o do setor vem sendo puxada por investimentos em <strong>sanidade, gen\u00e9tica, nutri\u00e7\u00e3o e manejo das pastagens<\/strong>, al\u00e9m do fortalecimento da pesquisa e inova\u00e7\u00e3o.<\/p>\n<h2 class=\"wp-block-heading\" id=\"h-paineis-abordaram-os-principais-desafios-e-oportunidades\">Pain\u00e9is abordaram os principais desafios e oportunidades<\/h2>\n<p>Ao longo do dia, seis pain\u00e9is discutiram os rumos da pecu\u00e1ria brasileira, com foco em <strong>proje\u00e7\u00f5es para o abate de bovinos nos pr\u00f3ximos anos<\/strong>, <strong>desafios da origina\u00e7\u00e3o no Brasil<\/strong>, <strong>oportunidades para a carne bovina brasileira no mercado internacional<\/strong> e r<strong>etomada da liquida\u00e7\u00e3o dos contratos do boi gordo na B3<\/strong>, entre outros temas estrat\u00e9gicos para a competitividade do setor.<\/p>\n<p>Com recorde de p\u00fablico e status ampliado, o F\u00f3rum Pecu\u00e1ria Brasil se consolida como espa\u00e7o fundamental para an\u00e1lise de cen\u00e1rios, gera\u00e7\u00e3o de neg\u00f3cios e formula\u00e7\u00e3o de estrat\u00e9gias para o futuro da carne bovina brasileira.<\/p>\n<p>Confira os principais destaques:<\/p>\n<\/p><\/div>\n<p><br \/>\n<br \/><a href=\"https:\/\/www.canalrural.com.br\/pecuaria\/forum-pecuaria-brasil-reune-mais-de-600-participantes-e-se-consolida-como-principal-encontro-do-setor\/\">Source link <\/a><\/p>\n","protected":false},"excerpt":{"rendered":"<p>Nesta quarta-feira (17), o World Trade Center S\u00e3o Paulo foi palco da 5\u00aa edi\u00e7\u00e3o do F\u00f3rum Pecu\u00e1ria Brasil, organizado pela<\/p>\n","protected":false},"author":1,"featured_media":20469,"comment_status":"open","ping_status":"open","sticky":false,"template":"","format":"standard","meta":{"_monsterinsights_skip_tracking":false,"_monsterinsights_sitenote_active":false,"_monsterinsights_sitenote_note":"","_monsterinsights_sitenote_category":0,"_uf_show_specific_survey":0,"_uf_disable_surveys":false,"footnotes":""},"categories":[1],"tags":[],"class_list":["post-20468","post","type-post","status-publish","format-standard","has-post-thumbnail","hentry","category-news"],"_links":{"self":[{"href":"https:\/\/agromt.news\/index.php?rest_route=\/wp\/v2\/posts\/20468"}],"collection":[{"href":"https:\/\/agromt.news\/index.php?rest_route=\/wp\/v2\/posts"}],"about":[{"href":"https:\/\/agromt.news\/index.php?rest_route=\/wp\/v2\/types\/post"}],"author":[{"embeddable":true,"href":"https:\/\/agromt.news\/index.php?rest_route=\/wp\/v2\/users\/1"}],"replies":[{"embeddable":true,"href":"https:\/\/agromt.news\/index.php?rest_route=%2Fwp%2Fv2%2Fcomments&post=20468"}],"version-history":[{"count":0,"href":"https:\/\/agromt.news\/index.php?rest_route=\/wp\/v2\/posts\/20468\/revisions"}],"wp:featuredmedia":[{"embeddable":true,"href":"https:\/\/agromt.news\/index.php?rest_route=\/wp\/v2\/media\/20469"}],"wp:attachment":[{"href":"https:\/\/agromt.news\/index.php?rest_route=%2Fwp%2Fv2%2Fmedia&parent=20468"}],"wp:term":[{"taxonomy":"category","embeddable":true,"href":"https:\/\/agromt.news\/index.php?rest_route=%2Fwp%2Fv2%2Fcategories&post=20468"},{"taxonomy":"post_tag","embeddable":true,"href":"https:\/\/agromt.news\/index.php?rest_route=%2Fwp%2Fv2%2Ftags&post=20468"}],"curies":[{"name":"wp","href":"https:\/\/api.w.org\/{rel}","templated":true}]}}