{"id":20461,"date":"2025-09-19T10:56:13","date_gmt":"2025-09-19T14:56:13","guid":{"rendered":"https:\/\/agromt.news\/?p=20461"},"modified":"2025-09-19T10:56:13","modified_gmt":"2025-09-19T14:56:13","slug":"faccoes-criminosas-avancam-sobre-mercado-de-defensivos-e-mancham-reputacao-do-agro","status":"publish","type":"post","link":"https:\/\/agromt.news\/?p=20461","title":{"rendered":"Fac\u00e7\u00f5es criminosas avan\u00e7am sobre mercado de defensivos e mancham reputa\u00e7\u00e3o do agro"},"content":{"rendered":"<p> <br \/>\n<\/p>\n<div>\n<p>O avan\u00e7o do crime organizado sobre o mercado de defensivos, est\u00e1 se tornando grave para todo o agroneg\u00f3cio brasileiro. Investiga\u00e7\u00f5es recentes do Minist\u00e9rio P\u00fablico revelaram que fac\u00e7\u00f5es como o PCC atuam em redes de contrabando, falsifica\u00e7\u00e3o e venda ilegal de defensivos agr\u00edcolas. S\u00e3o esquemas sofisticados, com n\u00facleos especializados em r\u00f3tulos, gal\u00f5es, notas fiscais fraudulentas e importa\u00e7\u00f5es clandestinas vindas de pa\u00edses vizinhos e at\u00e9 da China.<\/p>\n<p>A quest\u00e3o vai muito al\u00e9m do uso de um produto mais barato. O produtor que adquire insumos de origem il\u00edcita n\u00e3o s\u00f3 coloca em risco a efic\u00e1cia da lavoura e a sa\u00fade do aplicador, como tamb\u00e9m compromete a seguran\u00e7a alimentar, contamina solos e \u00e1guas e exp\u00f5e o setor a esc\u00e2ndalos de reputa\u00e7\u00e3o. <\/p>\n<p>O barato pode sair car\u00edssimo: multas, apreens\u00f5es, perda de certifica\u00e7\u00f5es e at\u00e9 processos criminais. Mais grave ainda, ao comprar de proced\u00eancia duvidosa, o agricultor pode ser enquadrado como c\u00famplice da atividade criminosa, carregando para si uma pecha que atinge toda a categoria.<\/p>\n<p>O agroneg\u00f3cio brasileiro n\u00e3o pode permitir que sua imagem seja manchada por atalhos criminosos. O setor, que construiu reconhecimento internacional pela produtividade e pela tecnologia, corre o risco de ver sua credibilidade arruinada se deixar a porta aberta para pr\u00e1ticas ilegais. \u00c9 preciso que os produtores compreendam que cada compra \u00e9 tamb\u00e9m um ato de responsabilidade: verificar a origem, exigir nota fiscal id\u00f4nea, checar embalagens e selos, comprar apenas de canais oficiais.<\/p>\n<p>O crime organizado \u00e9 como um g\u00e1s: ocupa todos os espa\u00e7os que encontra. E quando explode, a destrui\u00e7\u00e3o \u00e9 irrevers\u00edvel. Se o agro permitir que esse veneno infiltre suas ra\u00edzes, n\u00e3o haver\u00e1 como reverter os danos \u00e0 credibilidade, \u00e0 sa\u00fade e ao futuro do setor.<\/p>\n<div class=\"wp-block-media-text is-stacked-on-mobile\">\n<figure class=\"wp-block-media-text__media\"><img fetchpriority=\"high\" decoding=\"async\" width=\"683\" height=\"1024\" alt=\"Miguel Daoud\" class=\"wp-image-4095706 size-full\"  data-lazy- src=\"https:\/\/agromt.news\/wp-content\/uploads\/2025\/04\/Como-guerras-e-crises-moldaram-o-preco-das-commodities-nos.jpg\"\/><img decoding=\"async\" width=\"683\" height=\"1024\" src=\"https:\/\/agromt.news\/wp-content\/uploads\/2025\/04\/Como-guerras-e-crises-moldaram-o-preco-das-commodities-nos.jpg\" alt=\"Miguel Daoud\" class=\"wp-image-4095706 size-full\"  \/><\/figure>\n<div class=\"wp-block-media-text__content\">\n<p class=\"has-text-align-center\">*<em><strong>Miguel Daoud<\/strong>\u00a0\u00e9 comentarista de Economia e Pol\u00edtica\u00a0do Canal Rural<\/em><\/p>\n<\/div>\n<\/div>\n<hr class=\"wp-block-separator has-alpha-channel-opacity\"\/>\n<p><em>O\u00a0<strong>Canal Rural<\/strong>\u00a0n\u00e3o se responsabiliza pelas opini\u00f5es e conceitos emitidos nos textos desta sess\u00e3o, sendo os conte\u00fados de inteira responsabilidade de seus autores. A empresa se reserva o direito de fazer ajustes no texto para adequa\u00e7\u00e3o \u00e0s normas de publica\u00e7\u00e3o.<\/em><\/p>\n<\/p><\/div>\n<p><br \/>\n<br \/><a href=\"https:\/\/www.canalrural.com.br\/opiniao-noticias\/faccoes-criminosas-avancam-sobre-o-mercado-de-defensivos-e-mancham-a-reputacao-do-agro\/\">Source link <\/a><\/p>\n","protected":false},"excerpt":{"rendered":"<p>O avan\u00e7o do crime organizado sobre o mercado de defensivos, est\u00e1 se tornando grave para todo o agroneg\u00f3cio brasileiro. Investiga\u00e7\u00f5es<\/p>\n","protected":false},"author":1,"featured_media":20451,"comment_status":"open","ping_status":"open","sticky":false,"template":"","format":"standard","meta":{"_monsterinsights_skip_tracking":false,"_monsterinsights_sitenote_active":false,"_monsterinsights_sitenote_note":"","_monsterinsights_sitenote_category":0,"_uf_show_specific_survey":0,"_uf_disable_surveys":false,"footnotes":""},"categories":[1],"tags":[],"class_list":["post-20461","post","type-post","status-publish","format-standard","has-post-thumbnail","hentry","category-news"],"_links":{"self":[{"href":"https:\/\/agromt.news\/index.php?rest_route=\/wp\/v2\/posts\/20461"}],"collection":[{"href":"https:\/\/agromt.news\/index.php?rest_route=\/wp\/v2\/posts"}],"about":[{"href":"https:\/\/agromt.news\/index.php?rest_route=\/wp\/v2\/types\/post"}],"author":[{"embeddable":true,"href":"https:\/\/agromt.news\/index.php?rest_route=\/wp\/v2\/users\/1"}],"replies":[{"embeddable":true,"href":"https:\/\/agromt.news\/index.php?rest_route=%2Fwp%2Fv2%2Fcomments&post=20461"}],"version-history":[{"count":0,"href":"https:\/\/agromt.news\/index.php?rest_route=\/wp\/v2\/posts\/20461\/revisions"}],"wp:featuredmedia":[{"embeddable":true,"href":"https:\/\/agromt.news\/index.php?rest_route=\/wp\/v2\/media\/20451"}],"wp:attachment":[{"href":"https:\/\/agromt.news\/index.php?rest_route=%2Fwp%2Fv2%2Fmedia&parent=20461"}],"wp:term":[{"taxonomy":"category","embeddable":true,"href":"https:\/\/agromt.news\/index.php?rest_route=%2Fwp%2Fv2%2Fcategories&post=20461"},{"taxonomy":"post_tag","embeddable":true,"href":"https:\/\/agromt.news\/index.php?rest_route=%2Fwp%2Fv2%2Ftags&post=20461"}],"curies":[{"name":"wp","href":"https:\/\/api.w.org\/{rel}","templated":true}]}}