{"id":20459,"date":"2025-09-19T10:42:11","date_gmt":"2025-09-19T14:42:11","guid":{"rendered":"https:\/\/agromt.news\/?p=20459"},"modified":"2025-09-19T10:42:11","modified_gmt":"2025-09-19T14:42:11","slug":"faltam-15-dias-inscreva-se-para-a-abertura-nacional-do-plantio-da-soja","status":"publish","type":"post","link":"https:\/\/agromt.news\/?p=20459","title":{"rendered":"Faltam 15 dias! Inscreva-se para a Abertura Nacional do Plantio da Soja!"},"content":{"rendered":"<p> <br \/>\n<br \/><img decoding=\"async\" src=\"https:\/\/agromt.news\/wp-content\/uploads\/2025\/09\/Faltam-15-dias-Inscreva-se-para-a-Abertura-Nacional-do-Plantio.png\" \/><\/p>\n<div>\n<p>Falta pouco! No dia 3 de outubro, em Sidrol\u00e2ndia (MS), acontecer\u00e1 a <a href=\"https:\/\/www.canalrural.com.br\/?s=abertura+nacional+do+plantio+da+soja\">Abertura Nacional do Plantio da Soja<\/a>, que este ano ser\u00e1 realizada na Fazenda Recanto. O evento marca oficialmente o in\u00edcio da safra 2025\/26 e tamb\u00e9m dar\u00e1 in\u00edcio \u00e0 14\u00aa temporada do projeto Soja Brasil. N\u00e3o vai ficar de fora, n\u00e9? Clique <a href=\"https:\/\/eventos.canalrural.com.br\/plantio-da-soja?_gl=1*gz1id9*_ga*NTk3MzU1NjEzLjE3NDg2MTcyMTY.*_ga_4Z7XXTBDRP*czE3NTgyODU2MjckbzUxJGcxJHQxNzU4Mjg4MDg4JGo2MCRsMCRoMA..*_gcl_au*MTE5OTgzODIzMi4xNzUyMjUxOTMz*_ga_Y1X353CDF4*czE3NTgyODU2MjckbzE5JGcxJHQxNzU4Mjg4MDg5JGo1OCRsMCRoODY3NDY1Nzcx\">aqui <\/a>e garanta sua vaga! <\/p>\n<p><iframe title=\"Abertura do plantio da soja acontece no dia 3 de outubro, em Mato Grosso do Sul\" width=\"800\" height=\"450\" src=\"https:\/\/www.youtube.com\/embed\/3caBRj_bypo?feature=oembed\" frameborder=\"0\" allow=\"accelerometer; autoplay; clipboard-write; encrypted-media; gyroscope; picture-in-picture; web-share\" referrerpolicy=\"strict-origin-when-cross-origin\" allowfullscreen><\/iframe><noscript><iframe title=\"Abertura do plantio da soja acontece no dia 3 de outubro, em Mato Grosso do Sul\" width=\"800\" height=\"450\" src=\"https:\/\/www.youtube.com\/embed\/3caBRj_bypo?feature=oembed\" frameborder=\"0\" allow=\"accelerometer; autoplay; clipboard-write; encrypted-media; gyroscope; picture-in-picture; web-share\" referrerpolicy=\"strict-origin-when-cross-origin\" allowfullscreen><\/iframe><\/noscript><\/p>\n<ul class=\"wp-block-list\">\n<li><strong><em>Fique por dentro das novidades e not\u00edcias recentes sobre a soja! Participe da nossa comunidade atrav\u00e9s do\u00a0<a href=\"https:\/\/chat.whatsapp.com\/BmMRwA0TZ2DHGyhzoaVEWu\">link<\/a>! \ud83c\udf31<\/em><\/strong><\/li>\n<\/ul>\n<p>Organizado pelo<a href=\"https:\/\/www.canalrural.com.br\/\"> Canal Rural<\/a>, em parceria com a <a href=\"https:\/\/aprosojabrasil.com.br\/\">Aprosoja Brasil<\/a>, o encontro reunir\u00e1 governadores, produtores rurais e especialistas para discutir os principais desafios e oportunidades da nova temporada. Na pauta, estar\u00e3o temas como o mercado internacional da soja, as condi\u00e7\u00f5es clim\u00e1ticas previstas e os impactos do cen\u00e1rio geopol\u00edtico sobre a produ\u00e7\u00e3o.<\/p>\n<p>Al\u00e9m da programa\u00e7\u00e3o t\u00e9cnica, a cerim\u00f4nia ter\u00e1 transmiss\u00e3o ao vivo pelo Canal Rural no YouTube, ampliando o alcance para quem n\u00e3o puder estar presente. <\/p>\n<p><iframe title=\"Abertura Nacional do Plantio da Soja 25\/26\" width=\"800\" height=\"450\" src=\"https:\/\/www.youtube.com\/embed\/X02Z3JTRyGI?feature=oembed\" frameborder=\"0\" allow=\"accelerometer; autoplay; clipboard-write; encrypted-media; gyroscope; picture-in-picture; web-share\" referrerpolicy=\"strict-origin-when-cross-origin\" allowfullscreen><\/iframe><noscript><iframe title=\"Abertura Nacional do Plantio da Soja 25\/26\" width=\"800\" height=\"450\" src=\"https:\/\/www.youtube.com\/embed\/X02Z3JTRyGI?feature=oembed\" frameborder=\"0\" allow=\"accelerometer; autoplay; clipboard-write; encrypted-media; gyroscope; picture-in-picture; web-share\" referrerpolicy=\"strict-origin-when-cross-origin\" allowfullscreen><\/iframe><\/noscript><\/p><\/div>\n<p><br \/>\n<br \/><a href=\"https:\/\/www.canalrural.com.br\/agricultura\/projeto-soja-brasil\/faltam-15-dias-inscreva-se-para-a-abertura-nacional-do-plantio-da-soja\/\">Source link <\/a><\/p>\n","protected":false},"excerpt":{"rendered":"<p>Falta pouco! No dia 3 de outubro, em Sidrol\u00e2ndia (MS), acontecer\u00e1 a Abertura Nacional do Plantio da Soja, que este<\/p>\n","protected":false},"author":1,"featured_media":20460,"comment_status":"open","ping_status":"open","sticky":false,"template":"","format":"standard","meta":{"_monsterinsights_skip_tracking":false,"_monsterinsights_sitenote_active":false,"_monsterinsights_sitenote_note":"","_monsterinsights_sitenote_category":0,"_uf_show_specific_survey":0,"_uf_disable_surveys":false,"footnotes":""},"categories":[1],"tags":[],"class_list":["post-20459","post","type-post","status-publish","format-standard","has-post-thumbnail","hentry","category-news"],"_links":{"self":[{"href":"https:\/\/agromt.news\/index.php?rest_route=\/wp\/v2\/posts\/20459"}],"collection":[{"href":"https:\/\/agromt.news\/index.php?rest_route=\/wp\/v2\/posts"}],"about":[{"href":"https:\/\/agromt.news\/index.php?rest_route=\/wp\/v2\/types\/post"}],"author":[{"embeddable":true,"href":"https:\/\/agromt.news\/index.php?rest_route=\/wp\/v2\/users\/1"}],"replies":[{"embeddable":true,"href":"https:\/\/agromt.news\/index.php?rest_route=%2Fwp%2Fv2%2Fcomments&post=20459"}],"version-history":[{"count":0,"href":"https:\/\/agromt.news\/index.php?rest_route=\/wp\/v2\/posts\/20459\/revisions"}],"wp:featuredmedia":[{"embeddable":true,"href":"https:\/\/agromt.news\/index.php?rest_route=\/wp\/v2\/media\/20460"}],"wp:attachment":[{"href":"https:\/\/agromt.news\/index.php?rest_route=%2Fwp%2Fv2%2Fmedia&parent=20459"}],"wp:term":[{"taxonomy":"category","embeddable":true,"href":"https:\/\/agromt.news\/index.php?rest_route=%2Fwp%2Fv2%2Fcategories&post=20459"},{"taxonomy":"post_tag","embeddable":true,"href":"https:\/\/agromt.news\/index.php?rest_route=%2Fwp%2Fv2%2Ftags&post=20459"}],"curies":[{"name":"wp","href":"https:\/\/api.w.org\/{rel}","templated":true}]}}