{"id":20457,"date":"2025-09-19T10:28:21","date_gmt":"2025-09-19T14:28:21","guid":{"rendered":"https:\/\/agromt.news\/?p=20457"},"modified":"2025-09-19T10:28:21","modified_gmt":"2025-09-19T14:28:21","slug":"poder-de-compra-do-avicultor-segue-favoravel-mesmo-com-alta-nos-insumos","status":"publish","type":"post","link":"https:\/\/agromt.news\/?p=20457","title":{"rendered":"Poder de compra do avicultor segue favor\u00e1vel, mesmo com alta nos insumos"},"content":{"rendered":"<p> <br \/>\n<br \/><img decoding=\"async\" src=\"https:\/\/agromt.news\/wp-content\/uploads\/2025\/09\/Poder-de-compra-do-avicultor-segue-favoravel-mesmo-com-alta.png\" \/><\/p>\n<div>\n<p>De acordo com o <a href=\"https:\/\/www.canalrural.com.br\/tag\/cepea\/\">Centro de Estudos Avan\u00e7ados em Economia Aplicada (Cepea)<\/a>, o poder de compra de avicultores paulistas avan\u00e7a ligeiramente na parcial de setembro.\u00a0<\/p>\n<p>Segundo o instituto, os recentes aumentos nos pre\u00e7os do milho e do farelo de soja (principais insumos da atividade) preocupam. Mas ao mesmo tempo, o frango vivo vem se valorizado, o que garante uma situa\u00e7\u00e3o um pouco mais favor\u00e1vel ao produtor.\u00a0<\/p>\n<p>Pesquisadores explicam que a alta do animal est\u00e1 associada ao tradicional aquecimento da demanda na primeira metade do m\u00eas. No caso do milho, a Equipe Gr\u00e3os\/Cepea, explica\u00a0 que, mesmo com estimativas indicando crescimento na produ\u00e7\u00e3o brasileira da safra 2024\/25, os pre\u00e7os do cereal seguem registrando pequenos avan\u00e7os. Isso se d\u00e1 frente \u00e0 firme demanda interna e tamb\u00e9m \u00e0 posi\u00e7\u00e3o mais cautelosa de vendedores, que limitam o volume dispon\u00edvel no spot nacional.\u00a0<\/p>\n<p>Quanto ao farelo de soja, a Equipe Gr\u00e3os\/Cepea aponta que parte dos consumidores retomou as aquisi\u00e7\u00f5es do derivado. Assim, os valores oscilaram dentre as regi\u00f5es pesquisadas pelo instituto.<\/p>\n<p><em>*Sob supervis\u00e3o de Luis Roberto Toledo<\/em><\/p>\n<\/p><\/div>\n<p><br \/>\n<br \/><a href=\"https:\/\/www.canalrural.com.br\/aves-e-suinos\/poder-de-compra-do-avicultor-segue-favoravel-mesmo-com-alta-nos-insumos\/\">Source link <\/a><\/p>\n","protected":false},"excerpt":{"rendered":"<p>De acordo com o Centro de Estudos Avan\u00e7ados em Economia Aplicada (Cepea), o poder de compra de avicultores paulistas avan\u00e7a<\/p>\n","protected":false},"author":1,"featured_media":20458,"comment_status":"open","ping_status":"open","sticky":false,"template":"","format":"standard","meta":{"_monsterinsights_skip_tracking":false,"_monsterinsights_sitenote_active":false,"_monsterinsights_sitenote_note":"","_monsterinsights_sitenote_category":0,"_uf_show_specific_survey":0,"_uf_disable_surveys":false,"footnotes":""},"categories":[1],"tags":[],"class_list":["post-20457","post","type-post","status-publish","format-standard","has-post-thumbnail","hentry","category-news"],"_links":{"self":[{"href":"https:\/\/agromt.news\/index.php?rest_route=\/wp\/v2\/posts\/20457"}],"collection":[{"href":"https:\/\/agromt.news\/index.php?rest_route=\/wp\/v2\/posts"}],"about":[{"href":"https:\/\/agromt.news\/index.php?rest_route=\/wp\/v2\/types\/post"}],"author":[{"embeddable":true,"href":"https:\/\/agromt.news\/index.php?rest_route=\/wp\/v2\/users\/1"}],"replies":[{"embeddable":true,"href":"https:\/\/agromt.news\/index.php?rest_route=%2Fwp%2Fv2%2Fcomments&post=20457"}],"version-history":[{"count":0,"href":"https:\/\/agromt.news\/index.php?rest_route=\/wp\/v2\/posts\/20457\/revisions"}],"wp:featuredmedia":[{"embeddable":true,"href":"https:\/\/agromt.news\/index.php?rest_route=\/wp\/v2\/media\/20458"}],"wp:attachment":[{"href":"https:\/\/agromt.news\/index.php?rest_route=%2Fwp%2Fv2%2Fmedia&parent=20457"}],"wp:term":[{"taxonomy":"category","embeddable":true,"href":"https:\/\/agromt.news\/index.php?rest_route=%2Fwp%2Fv2%2Fcategories&post=20457"},{"taxonomy":"post_tag","embeddable":true,"href":"https:\/\/agromt.news\/index.php?rest_route=%2Fwp%2Fv2%2Ftags&post=20457"}],"curies":[{"name":"wp","href":"https:\/\/api.w.org\/{rel}","templated":true}]}}