{"id":20453,"date":"2025-09-19T09:59:59","date_gmt":"2025-09-19T13:59:59","guid":{"rendered":"https:\/\/agromt.news\/?p=20453"},"modified":"2025-09-19T09:59:59","modified_gmt":"2025-09-19T13:59:59","slug":"brasil-quer-ampliar-comercio-do-agro-com-paises-arabes","status":"publish","type":"post","link":"https:\/\/agromt.news\/?p=20453","title":{"rendered":"Brasil quer ampliar com\u00e9rcio do agro com pa\u00edses \u00e1rabes"},"content":{"rendered":"<p> <br \/>\n<br \/><img decoding=\"async\" src=\"https:\/\/agromt.news\/wp-content\/uploads\/2025\/09\/Brasil-quer-ampliar-comercio-do-agro-com-paises-arabes.png\" \/><\/p>\n<div>\n<p>O ministro da Agricultura e Pecu\u00e1ria, Carlos F\u00e1varo, participou nesta quinta-feira (19), em Bras\u00edlia, de uma reuni\u00e3o com o Conselho de Embaixadores da Liga dos Estados \u00c1rabes. O encontro, realizado na embaixada da Palestina, reuniu diplomatas, representantes do governo, empres\u00e1rios do agro e a <a href=\"https:\/\/www.canalrural.com.br\/tag\/camara-de-comercio-arabe-brasileira\/\">C\u00e2mara de Com\u00e9rcio \u00c1rabe-Brasileira<\/a>. O objetivo foi ampliar a coopera\u00e7\u00e3o comercial e fortalecer parcerias em ci\u00eancia e tecnologia.<\/p>\n<h2 class=\"wp-block-heading\" id=\"h-brasil-e-lider-em-proteina-halal\">Brasil \u00e9 l\u00edder em prote\u00edna halal<\/h2>\n<p>F\u00e1varo lembrou que Brasil e pa\u00edses \u00e1rabes completam 80 anos de rela\u00e7\u00f5es diplom\u00e1ticas em 2025 e destacou o papel do agro nessa rela\u00e7\u00e3o. \u201cDe tudo o que o Brasil exporta para a Liga \u00c1rabe, 75% vem da agropecu\u00e1ria. Destaco carnes de aves, bovinos, a\u00e7\u00facar, milho e mel. O Brasil \u00e9 um grande provedor de alimentos para os pa\u00edses \u00e1rabes\u201d, afirmou.<\/p>\n<p>O ministro tamb\u00e9m frisou a inten\u00e7\u00e3o de ampliar as importa\u00e7\u00f5es. \u201cN\u00f3s queremos ser grandes compradores, n\u00e3o apenas de fertilizantes, que s\u00e3o fundamentais para a nossa produ\u00e7\u00e3o, mas de outros itens que os pa\u00edses da Liga tenham interesse em comercializar com o Brasil. Estamos abertos a negociar\u201d, disse.<\/p>\n<p>Para o embaixador da Palestina, Ibrahim Alzeben, a qualidade e a competitividade dos alimentos brasileiros s\u00e3o reconhecidas no mundo \u00e1rabe. \u201cA prote\u00edna halal do Brasil tem destaque especial, pois atende aos padr\u00f5es exigidos e \u00e9 valorizada em nossos mercados\u201d, declarou.<\/p>\n<h2 class=\"wp-block-heading\" id=\"h-comercio-bilateral-em-expansao\">Com\u00e9rcio bilateral em expans\u00e3o<\/h2>\n<p>O presidente da C\u00e2mara de Com\u00e9rcio \u00c1rabe-Brasileira, William Adib Dib, lembrou que o com\u00e9rcio bilateral movimenta cerca de US$ 33 bilh\u00f5es por ano. \u201cTemos muito espa\u00e7o para avan\u00e7ar em \u00e1reas como fertilizantes e na economia halal, que vai al\u00e9m das prote\u00ednas animais e inclui alimentos industrializados, cosm\u00e9ticos, medicamentos e servi\u00e7os\u201d, ressaltou.<\/p>\n<p>Al\u00e9m disso, a presidente da Embrapa, <a href=\"https:\/\/www.canalrural.com.br\/tag\/silvia-massruha\/\">Silvia Massruh\u00e1<\/a>, refor\u00e7ou a import\u00e2ncia da coopera\u00e7\u00e3o em ci\u00eancia. \u201cOs desafios de uma agricultura resiliente \u00e0s mudan\u00e7as clim\u00e1ticas exigem inova\u00e7\u00e3o, e a parceria com os pa\u00edses \u00e1rabes \u00e9 estrat\u00e9gica para alcan\u00e7ar esse objetivo\u201d, disse.<\/p>\n<p>J\u00e1 o embaixador Carlos Duarte, do Itamaraty, destacou a evolu\u00e7\u00e3o recente das exporta\u00e7\u00f5es. \u201cO com\u00e9rcio entre o Brasil e os pa\u00edses \u00e1rabes cresceu mais de 130% em rela\u00e7\u00e3o a 2023, o que mostra o dinamismo dessa rela\u00e7\u00e3o\u201d, afirmou.<\/p>\n<p>Ao citar as barreiras impostas pelos Estados Unidos a produtos brasileiros, F\u00e1varo refor\u00e7ou a import\u00e2ncia de diversificar os destinos. \u201cConseguimos viabilizar neg\u00f3cios como ovos f\u00e9rteis para a Ar\u00e1bia Saudita, a\u00e7a\u00ed para o Egito, al\u00e9m de caf\u00e9 e suco de laranja para os Emirados \u00c1rabes Unidos. Queremos transformar amizade e diplomacia em oportunidades comerciais\u201d, disse.<\/p>\n<p>O ministro tamb\u00e9m apresentou o programa Caminho Verde Brasil. \u201cNosso objetivo \u00e9 recuperar at\u00e9 40 milh\u00f5es de hectares de pastagens de baixa produtividade em dez anos, convertendo essas \u00e1reas em terras agricult\u00e1veis de alto rendimento, sem desmatamento\u201d, explicou.<\/p>\n<\/p><\/div>\n<p><br \/>\n<br \/><a href=\"https:\/\/www.canalrural.com.br\/agricultura\/brasil-quer-ampliar-comercio-do-agro-com-paises-arabes\/\">Source link <\/a><\/p>\n","protected":false},"excerpt":{"rendered":"<p>O ministro da Agricultura e Pecu\u00e1ria, Carlos F\u00e1varo, participou nesta quinta-feira (19), em Bras\u00edlia, de uma reuni\u00e3o com o Conselho<\/p>\n","protected":false},"author":1,"featured_media":20454,"comment_status":"open","ping_status":"open","sticky":false,"template":"","format":"standard","meta":{"_monsterinsights_skip_tracking":false,"_monsterinsights_sitenote_active":false,"_monsterinsights_sitenote_note":"","_monsterinsights_sitenote_category":0,"_uf_show_specific_survey":0,"_uf_disable_surveys":false,"footnotes":""},"categories":[1],"tags":[],"class_list":["post-20453","post","type-post","status-publish","format-standard","has-post-thumbnail","hentry","category-news"],"_links":{"self":[{"href":"https:\/\/agromt.news\/index.php?rest_route=\/wp\/v2\/posts\/20453"}],"collection":[{"href":"https:\/\/agromt.news\/index.php?rest_route=\/wp\/v2\/posts"}],"about":[{"href":"https:\/\/agromt.news\/index.php?rest_route=\/wp\/v2\/types\/post"}],"author":[{"embeddable":true,"href":"https:\/\/agromt.news\/index.php?rest_route=\/wp\/v2\/users\/1"}],"replies":[{"embeddable":true,"href":"https:\/\/agromt.news\/index.php?rest_route=%2Fwp%2Fv2%2Fcomments&post=20453"}],"version-history":[{"count":0,"href":"https:\/\/agromt.news\/index.php?rest_route=\/wp\/v2\/posts\/20453\/revisions"}],"wp:featuredmedia":[{"embeddable":true,"href":"https:\/\/agromt.news\/index.php?rest_route=\/wp\/v2\/media\/20454"}],"wp:attachment":[{"href":"https:\/\/agromt.news\/index.php?rest_route=%2Fwp%2Fv2%2Fmedia&parent=20453"}],"wp:term":[{"taxonomy":"category","embeddable":true,"href":"https:\/\/agromt.news\/index.php?rest_route=%2Fwp%2Fv2%2Fcategories&post=20453"},{"taxonomy":"post_tag","embeddable":true,"href":"https:\/\/agromt.news\/index.php?rest_route=%2Fwp%2Fv2%2Ftags&post=20453"}],"curies":[{"name":"wp","href":"https:\/\/api.w.org\/{rel}","templated":true}]}}