{"id":20444,"date":"2025-09-19T05:26:04","date_gmt":"2025-09-19T09:26:04","guid":{"rendered":"https:\/\/agromt.news\/?p=20444"},"modified":"2025-09-19T05:26:04","modified_gmt":"2025-09-19T09:26:04","slug":"preco-medio-do-frete-rodoviario-registra-leve-queda","status":"publish","type":"post","link":"https:\/\/agromt.news\/?p=20444","title":{"rendered":"Pre\u00e7o m\u00e9dio do frete rodovi\u00e1rio registra leve queda"},"content":{"rendered":"<p> <br \/>\n<\/p>\n<div>\n<p>O pre\u00e7o m\u00e9dio do frete por quil\u00f4metro rodado no Brasil voltou a recuar em agosto, segundo o \u00cdndice de Frete Rodovi\u00e1rio (IFR) da Edenred, com dados da plataforma Repom. O valor caiu de R$ 7,40 em julho para R$ 7,36, uma redu\u00e7\u00e3o de 0,54%.<\/p>\n<p>De acordo com Vinicios Fernandes, Diretor da Edenred Frete, a retra\u00e7\u00e3o reflete a contra\u00e7\u00e3o de alguns setores da ind\u00fastria e os efeitos da pol\u00edtica tarif\u00e1ria dos Estados Unidos, que reduziram a demanda por transporte. A desvaloriza\u00e7\u00e3o do d\u00f3lar e a manuten\u00e7\u00e3o da taxa Selic em 15% ao ano tamb\u00e9m contribu\u00edram para o cen\u00e1rio est\u00e1vel.&#13;\n<\/p>\n<p>\u201cO resultado de agosto mostra como diferentes fatores se equilibraram. A menor atividade da ind\u00fastria pressionou os pre\u00e7os para baixo, enquanto a safra de milho, a tabela de frete e o aumento do diesel impediram uma redu\u00e7\u00e3o mais acentuada\u201d, explica Vinicios Fernandes, Diretor da Edenred Frete.<\/p>\n<p>Apesar da queda, fatores como o escoamento da segunda safra de milho, o reajuste do piso da tabela de frete em julho e o aumento do diesel impediram uma redu\u00e7\u00e3o mais acentuada. Em agosto, o diesel comum subiu 0,65%, a R$ 6,19, e o S-10 avan\u00e7ou 0,81%, para R$ 6,22, segundo o \u00cdndice de Pre\u00e7os Edenred Ticket Log (IPTL). Para os pr\u00f3ximos meses, o IFR deve registrar pequenas oscila\u00e7\u00f5es, influenciadas pelo c\u00e2mbio, pelos combust\u00edveis e por poss\u00edveis mudan\u00e7as regulat\u00f3rias.&#13;\n<\/p>\n<p>A Edenred \u00e9 l\u00edder em solu\u00e7\u00f5es de mobilidade na Am\u00e9rica Latina, representada no Brasil pelas marcas Ticket Log, Repom, Pagbem e Taggy. Possui mais de 30 anos de experi\u00eancia no Pa\u00eds e conecta pessoas e neg\u00f3cios a uma mobilidade mais eficiente e sustent\u00e1vel.<br \/>&#13;<br \/>\n\u00a0<\/p>\n<\/p><\/div>\n<p><script data-cfasync=\"false\">\n    !function (f, b, e, v, n, t, s) {\n        if (f.fbq) return; n = f.fbq = function () {\n            n.callMethod ?\n                n.callMethod.apply(n, arguments) : n.queue.push(arguments)\n        };\n        if (!f._fbq) f._fbq = n; n.push = n; n.loaded = !0; n.version = '2.0';\n        n.queue = []; t = b.createElement(e); t.async = !0;\n        t.src = v; s = b.getElementsByTagName(e)[0];\n        s.parentNode.insertBefore(t, s)\n    }(window, document, 'script',\n        'https:\/\/connect.facebook.net\/en_US\/fbevents.js');\n    fbq('init', '522546078623747');\n    fbq('track', 'PageView');\n<\/script><br \/>\n<br \/><br \/>\n<br \/><a href=\"https:\/\/www.agrolink.com.br\/noticias\/preco-medio-do-frete-rodoviario-registra-leve-queda_506096.html\">Source link <\/a><\/p>\n","protected":false},"excerpt":{"rendered":"<p>O pre\u00e7o m\u00e9dio do frete por quil\u00f4metro rodado no Brasil voltou a recuar em agosto, segundo o \u00cdndice de Frete<\/p>\n","protected":false},"author":1,"featured_media":20445,"comment_status":"open","ping_status":"open","sticky":false,"template":"","format":"standard","meta":{"_monsterinsights_skip_tracking":false,"_monsterinsights_sitenote_active":false,"_monsterinsights_sitenote_note":"","_monsterinsights_sitenote_category":0,"_uf_show_specific_survey":0,"_uf_disable_surveys":false,"footnotes":""},"categories":[8,1,14],"tags":[],"class_list":["post-20444","post","type-post","status-publish","format-standard","has-post-thumbnail","hentry","category-agro","category-news","category-politica-agro"],"_links":{"self":[{"href":"https:\/\/agromt.news\/index.php?rest_route=\/wp\/v2\/posts\/20444"}],"collection":[{"href":"https:\/\/agromt.news\/index.php?rest_route=\/wp\/v2\/posts"}],"about":[{"href":"https:\/\/agromt.news\/index.php?rest_route=\/wp\/v2\/types\/post"}],"author":[{"embeddable":true,"href":"https:\/\/agromt.news\/index.php?rest_route=\/wp\/v2\/users\/1"}],"replies":[{"embeddable":true,"href":"https:\/\/agromt.news\/index.php?rest_route=%2Fwp%2Fv2%2Fcomments&post=20444"}],"version-history":[{"count":0,"href":"https:\/\/agromt.news\/index.php?rest_route=\/wp\/v2\/posts\/20444\/revisions"}],"wp:featuredmedia":[{"embeddable":true,"href":"https:\/\/agromt.news\/index.php?rest_route=\/wp\/v2\/media\/20445"}],"wp:attachment":[{"href":"https:\/\/agromt.news\/index.php?rest_route=%2Fwp%2Fv2%2Fmedia&parent=20444"}],"wp:term":[{"taxonomy":"category","embeddable":true,"href":"https:\/\/agromt.news\/index.php?rest_route=%2Fwp%2Fv2%2Fcategories&post=20444"},{"taxonomy":"post_tag","embeddable":true,"href":"https:\/\/agromt.news\/index.php?rest_route=%2Fwp%2Fv2%2Ftags&post=20444"}],"curies":[{"name":"wp","href":"https:\/\/api.w.org\/{rel}","templated":true}]}}