{"id":20443,"date":"2025-09-19T03:28:13","date_gmt":"2025-09-19T07:28:13","guid":{"rendered":"https:\/\/agromt.news\/?p=20443"},"modified":"2025-09-19T03:28:13","modified_gmt":"2025-09-19T07:28:13","slug":"exportacoes-do-agro-faturam-us-128-bilhoes-de-janeiro-a-agosto","status":"publish","type":"post","link":"https:\/\/agromt.news\/?p=20443","title":{"rendered":"exporta\u00e7\u00f5es do agro faturam US$ 12,8 bilh\u00f5es de janeiro a agosto"},"content":{"rendered":"<p> <br \/>\n<\/p>\n<div>\n<p style=\"text-align:justify\">Segundo dados divulgados pela Secretaria de Estado de Agricultura, Pecu\u00e1ria e Abastecimento de Minas Gerais, \u201cas exporta\u00e7\u00f5es do agroneg\u00f3cio mineiro alcan\u00e7aram US$ 12,8 bilh\u00f5es no acumulado de janeiro a agosto deste ano, com crescimento de 13,5% em rela\u00e7\u00e3o ao mesmo per\u00edodo do ano anterior\u201d. O \u00f3rg\u00e3o informou ainda que, \u201ccom esse resultado recorde para o per\u00edodo, Minas Gerais se mant\u00e9m como o terceiro maior exportador de produtos agropecu\u00e1rios, respondendo por 12% da receita do agro nacional\u201d. O volume embarcado somou 11,6 milh\u00f5es de toneladas, com redu\u00e7\u00e3o de 8,7% em compara\u00e7\u00e3o aos meses de janeiro a agosto do ano anterior.&#13;\n<\/p>\n<p style=\"text-align:justify\">Mais de 590 diferentes produtos agropecu\u00e1rios mineiros foram enviados para 174 pa\u00edses. A Secretaria destacou que \u201co <a href=\"https:\/\/www.agrolink.com.br\/culturas\/cafe\/?utm_source=agrolink-detalhe-noticia&amp;utm_medium=detalhe-noticia&amp;utm_campaign=links-internos\" target=\"_blank\" rel=\"noopener\">caf\u00e9<\/a>, carro-chefe das exporta\u00e7\u00f5es do agro mineiro, alcan\u00e7ou US$ 6,88 bilh\u00f5es, respondendo por mais da metade da receita do agro\u201d. A receita registrou salto de 52% em rela\u00e7\u00e3o a 2024, em fun\u00e7\u00e3o da valoriza\u00e7\u00e3o dos pre\u00e7os, do c\u00e2mbio favor\u00e1vel e da manuten\u00e7\u00e3o da qualidade que consolida Minas Gerais como refer\u00eancia no fornecimento do gr\u00e3o. O estado responde, sozinho, por cerca de 70% das exporta\u00e7\u00f5es brasileiras de caf\u00e9, confirmando sua lideran\u00e7a no segmento.&#13;\n<\/p>\n<p style=\"text-align:justify\">O complexo <a href=\"https:\/\/www.agrolink.com.br\/culturas\/soja?utm_source=agrolink-detalhe-noticia&amp;utm_medium=detalhe-noticia&amp;utm_campaign=links-internos\" target=\"_blank\" rel=\"noopener\">soja<\/a> (gr\u00e3os, \u00f3leo e farelo) registrou US$ 2,4 bilh\u00f5es com o embarque de 6 milh\u00f5es de toneladas, queda de 18% e 10%, respectivamente. O volume alcan\u00e7ou a 3 milh\u00f5es de toneladas, totalizando US$ 1,2 bilh\u00e3o, com queda de 18,3% na receita.<\/p>\n<p style=\"text-align:justify\">A receita do setor de carnes (bovina, su\u00edna e frango) alcan\u00e7ou US$ 1,2 bilh\u00e3o no per\u00edodo. O volume total ficou em 324 mil toneladas. A demanda chinesa permanece como motor essencial desse segmento, complementada pela expans\u00e3o dos embarques para pa\u00edses do Oriente M\u00e9dio. Os produtos florestais (celulose, madeira e papel) alcan\u00e7aram cerca de US$ 653 milh\u00f5es, com o volume embarcado ficou em 1 milh\u00e3o de toneladas.&#13;\n<\/p>\n<\/p><\/div>\n<p><script data-cfasync=\"false\">\n    !function (f, b, e, v, n, t, s) {\n        if (f.fbq) return; n = f.fbq = function () {\n            n.callMethod ?\n                n.callMethod.apply(n, arguments) : n.queue.push(arguments)\n        };\n        if (!f._fbq) f._fbq = n; n.push = n; n.loaded = !0; n.version = '2.0';\n        n.queue = []; t = b.createElement(e); t.async = !0;\n        t.src = v; s = b.getElementsByTagName(e)[0];\n        s.parentNode.insertBefore(t, s)\n    }(window, document, 'script',\n        'https:\/\/connect.facebook.net\/en_US\/fbevents.js');\n    fbq('init', '522546078623747');\n    fbq('track', 'PageView');\n<\/script><br \/>\n<br \/><br \/>\n<br \/><a href=\"https:\/\/www.agrolink.com.br\/noticias\/mg--exportacoes-do-agro-faturam-us--12-8-bilhoes-de-janeiro-a-agosto_506097.html\">Source link <\/a><\/p>\n","protected":false},"excerpt":{"rendered":"<p>Segundo dados divulgados pela Secretaria de Estado de Agricultura, Pecu\u00e1ria e Abastecimento de Minas Gerais, \u201cas exporta\u00e7\u00f5es do agroneg\u00f3cio mineiro<\/p>\n","protected":false},"author":1,"featured_media":850,"comment_status":"open","ping_status":"open","sticky":false,"template":"","format":"standard","meta":{"_monsterinsights_skip_tracking":false,"_monsterinsights_sitenote_active":false,"_monsterinsights_sitenote_note":"","_monsterinsights_sitenote_category":0,"_uf_show_specific_survey":0,"_uf_disable_surveys":false,"footnotes":""},"categories":[8,1,14],"tags":[],"class_list":["post-20443","post","type-post","status-publish","format-standard","has-post-thumbnail","hentry","category-agro","category-news","category-politica-agro"],"_links":{"self":[{"href":"https:\/\/agromt.news\/index.php?rest_route=\/wp\/v2\/posts\/20443"}],"collection":[{"href":"https:\/\/agromt.news\/index.php?rest_route=\/wp\/v2\/posts"}],"about":[{"href":"https:\/\/agromt.news\/index.php?rest_route=\/wp\/v2\/types\/post"}],"author":[{"embeddable":true,"href":"https:\/\/agromt.news\/index.php?rest_route=\/wp\/v2\/users\/1"}],"replies":[{"embeddable":true,"href":"https:\/\/agromt.news\/index.php?rest_route=%2Fwp%2Fv2%2Fcomments&post=20443"}],"version-history":[{"count":0,"href":"https:\/\/agromt.news\/index.php?rest_route=\/wp\/v2\/posts\/20443\/revisions"}],"wp:featuredmedia":[{"embeddable":true,"href":"https:\/\/agromt.news\/index.php?rest_route=\/wp\/v2\/media\/850"}],"wp:attachment":[{"href":"https:\/\/agromt.news\/index.php?rest_route=%2Fwp%2Fv2%2Fmedia&parent=20443"}],"wp:term":[{"taxonomy":"category","embeddable":true,"href":"https:\/\/agromt.news\/index.php?rest_route=%2Fwp%2Fv2%2Fcategories&post=20443"},{"taxonomy":"post_tag","embeddable":true,"href":"https:\/\/agromt.news\/index.php?rest_route=%2Fwp%2Fv2%2Ftags&post=20443"}],"curies":[{"name":"wp","href":"https:\/\/api.w.org\/{rel}","templated":true}]}}