{"id":20440,"date":"2025-09-18T21:39:28","date_gmt":"2025-09-19T01:39:28","guid":{"rendered":"https:\/\/agromt.news\/?p=20440"},"modified":"2025-09-18T21:39:28","modified_gmt":"2025-09-19T01:39:28","slug":"custos-e-precos-desestimulam-cultivo-de-trigo-no-parana","status":"publish","type":"post","link":"https:\/\/agromt.news\/?p=20440","title":{"rendered":"Custos e pre\u00e7os desestimulam cultivo de trigo no Paran\u00e1"},"content":{"rendered":"<p> <br \/>\n<\/p>\n<div>\n<div class=\"row\">\n<div class=\"col-lg col-infos mt-0 mt-lg-0\">\n<div class=\"section-sub-title\">\n<p itemprop=\"description\">&#13;<br \/>\n                                Geadas pontuais n\u00e3o comprometem trigo no estado&#13;\n                            <\/p>\n<\/p><\/div>\n<div class=\"container\">\n<div class=\"row\">\n<div class=\"col-lg p-0\">\n<div>\n<div class=\"block-news-main-infos mt-3 text-start\">\n<p>                                            <strong class=\"fn\" itemprop=\"author\" style=\"color: rgb(112, 112, 112); \">&#13;<br \/>\n                                                <a href=\"https:\/\/www.agrolink.com.br\/noticias\/javascript:;\" class=\"text-uppercase\" target=\"_blank\" style=\"color: rgb(112, 112, 112); \" rel=\"noopener\">Agrolink<\/a>&#13;<br \/>\n&#13;<br \/>\n                                                    &#8211; Seane Lennon&#13;<br \/>\n&#13;<br \/>\n                                            <\/strong><br \/>\n                                        <\/p>\n<p>                                            <abbr><time datetime=\"2025 - 09 - 17T17:45\" itemprop=\"datePublished dateModified\"> Publicado em 17\/09\/2025 \u00e0s 17:45h.<\/time><\/abbr>\n                                    <\/div>\n<\/p><\/div>\n<\/p><\/div>\n<div class=\"col-lg p-0 text-lg-end\">\n<div>\n<div id=\"mdEnviarPagina\" class=\"modal fade\" role=\"dialog\">\n<div class=\"modal-dialog\">\n<div class=\"modal-content\">\n<div class=\"modal-body\">\n<p><strong>Estimado usu\u00e1rio.<\/strong><br \/>Preencha o formul\u00e1rio abaixo para remeter a p\u00e1gina.<\/p>\n<\/p><\/div>\n<\/p><\/div>\n<\/p><\/div>\n<\/div><\/div>\n<\/p><\/div>\n<\/p><\/div>\n<\/p><\/div>\n<\/p><\/div>\n<\/p><\/div>\n<div class=\"row justify-content-md-center mt-3\">\n<div class=\"col-lg-auto col-image block-news-main-image\">\n<p>                                <img decoding=\"async\" src=\"https:\/\/www.agrolink.com.br\/upload\/imagens-resizes\/5e7bca0c3efe4d76a982916a649aeacd_858x483.jpg\" class=\"lazyload img-fluid\"\/><br \/>\n                                                <span class=\"publicity-photo d-block mt-1\">Foto: Pixabay<\/span><\/p><\/div>\n<\/p><\/div>\n<div class=\"section-description section-description-noticias mt-3\">\n<p style=\"text-align:justify\">De acordo com o 12\u00ba Levantamento da Safra de Gr\u00e3os do ciclo 2024\/25, a Companhia Nacional de Abastecimento (Conab) informou que \u201ca colheita de <a href=\"https:\/\/www.agrolink.com.br\/culturas\/trigo\/?utm_source=agrolink-detalhe-noticia&amp;utm_medium=detalhe-noticia&amp;utm_campaign=links-internos\" target=\"_blank\" rel=\"noopener\">trigo<\/a> no Paran\u00e1 teve in\u00edcio pontual em algumas \u00e1reas do territ\u00f3rio paranaense\u201d. A Conab destacou, no entanto, que \u201cas lavouras se concentram, predominantemente, nos est\u00e1dios de enchimento de gr\u00e3os e flora\u00e7\u00e3o\u201d.&#13;\n<\/p>\n<p style=\"text-align:justify\">A Conab registrou ainda que \u201ca \u00e1rea cultivada apresentou retra\u00e7\u00e3o em rela\u00e7\u00e3o ao ciclo anterior\u201d, resultado das \u201csucessivas frustra\u00e7\u00f5es enfrentadas pelos produtores nas \u00faltimas safras\u201d, somadas aos pre\u00e7os pagos pelo cereal, que contribu\u00edram para o desest\u00edmulo ao cultivo. O \u00f3rg\u00e3o acrescentou que \u201co custo de produ\u00e7\u00e3o, em contraste com a rentabilidade, aumenta a preocupa\u00e7\u00e3o dos agricultores quanto ao retorno econ\u00f4mico da atividade\u201d. Segundo a Conab, esse cen\u00e1rio tamb\u00e9m \u00e9 influenciado pelo impacto do calend\u00e1rio do trigo sobre o in\u00edcio da semeadura da soja de primeira safra, \u201cinfluenciando diretamente a tomada de decis\u00e3o no planejamento agr\u00edcola\u201d.<\/p>\n<p style=\"text-align:justify\">A Conab informou que \u201cdurante agosto, as chuvas foram escassas e mal distribu\u00eddas em grande parte das regi\u00f5es produtoras\u201d e que houve \u201cregistro de temperaturas baixas, especialmente nas primeiras horas do dia\u201d. O \u00f3rg\u00e3o destacou que \u201ca presen\u00e7a de orvalho ajudou a manter certo n\u00edvel de umidade superficial, favorecendo temporariamente o desenvolvimento das culturas de inverno\u201d. No entanto, diante dos \u201cbaixos n\u00edveis de umidade no solo observados na maioria das localidades\u201d, a Conab afirmou ser \u201cnecess\u00e1ria a ocorr\u00eancia de precipita\u00e7\u00f5es para evitar queda na produtividade\u201d.&#13;\n<\/p>\n<p style=\"text-align:justify\">Por fim, a Conab avaliou que, \u201capesar da ocorr\u00eancia de geadas neste inverno, os danos foram pontuais\u201d porque \u201ca maioria das lavouras se encontrava, no momento da ocorr\u00eancia do fen\u00f4meno, em est\u00e1gios menos sens\u00edveis ao frio, como o desenvolvimento vegetativo, o que reduziu consideravelmente os efeitos negativos sobre o potencial produtivo\u201d.<\/p>\n<\/p><\/div>\n<\/p><\/div>\n<p><script data-cfasync=\"false\">\n    !function (f, b, e, v, n, t, s) {\n        if (f.fbq) return; n = f.fbq = function () {\n            n.callMethod ?\n                n.callMethod.apply(n, arguments) : n.queue.push(arguments)\n        };\n        if (!f._fbq) f._fbq = n; n.push = n; n.loaded = !0; n.version = '2.0';\n        n.queue = []; t = b.createElement(e); t.async = !0;\n        t.src = v; s = b.getElementsByTagName(e)[0];\n        s.parentNode.insertBefore(t, s)\n    }(window, document, 'script',\n        'https:\/\/connect.facebook.net\/en_US\/fbevents.js');\n    fbq('init', '522546078623747');\n    fbq('track', 'PageView');\n<\/script><br \/>\n<br \/><br \/>\n<br \/><a href=\"https:\/\/www.agrolink.com.br\/noticias\/custos-e-precos-desestimulam-cultivo-de-trigo-no-parana_506100.html\">Source link <\/a><\/p>\n","protected":false},"excerpt":{"rendered":"<p>&#13; Geadas pontuais n\u00e3o comprometem trigo no estado&#13; &#13; Agrolink&#13; &#13; &#8211; Seane Lennon&#13; &#13; Publicado em 17\/09\/2025 \u00e0s 17:45h.<\/p>\n","protected":false},"author":1,"featured_media":16657,"comment_status":"open","ping_status":"open","sticky":false,"template":"","format":"standard","meta":{"_monsterinsights_skip_tracking":false,"_monsterinsights_sitenote_active":false,"_monsterinsights_sitenote_note":"","_monsterinsights_sitenote_category":0,"_uf_show_specific_survey":0,"_uf_disable_surveys":false,"footnotes":""},"categories":[8,1,14],"tags":[],"class_list":["post-20440","post","type-post","status-publish","format-standard","has-post-thumbnail","hentry","category-agro","category-news","category-politica-agro"],"_links":{"self":[{"href":"https:\/\/agromt.news\/index.php?rest_route=\/wp\/v2\/posts\/20440"}],"collection":[{"href":"https:\/\/agromt.news\/index.php?rest_route=\/wp\/v2\/posts"}],"about":[{"href":"https:\/\/agromt.news\/index.php?rest_route=\/wp\/v2\/types\/post"}],"author":[{"embeddable":true,"href":"https:\/\/agromt.news\/index.php?rest_route=\/wp\/v2\/users\/1"}],"replies":[{"embeddable":true,"href":"https:\/\/agromt.news\/index.php?rest_route=%2Fwp%2Fv2%2Fcomments&post=20440"}],"version-history":[{"count":0,"href":"https:\/\/agromt.news\/index.php?rest_route=\/wp\/v2\/posts\/20440\/revisions"}],"wp:featuredmedia":[{"embeddable":true,"href":"https:\/\/agromt.news\/index.php?rest_route=\/wp\/v2\/media\/16657"}],"wp:attachment":[{"href":"https:\/\/agromt.news\/index.php?rest_route=%2Fwp%2Fv2%2Fmedia&parent=20440"}],"wp:term":[{"taxonomy":"category","embeddable":true,"href":"https:\/\/agromt.news\/index.php?rest_route=%2Fwp%2Fv2%2Fcategories&post=20440"},{"taxonomy":"post_tag","embeddable":true,"href":"https:\/\/agromt.news\/index.php?rest_route=%2Fwp%2Fv2%2Ftags&post=20440"}],"curies":[{"name":"wp","href":"https:\/\/api.w.org\/{rel}","templated":true}]}}